{"id":43402,"date":"2026-02-20T11:30:47","date_gmt":"2026-02-20T14:30:47","guid":{"rendered":"https:\/\/vexpenses.com.br\/blog\/?p=43402"},"modified":"2026-03-19T13:00:15","modified_gmt":"2026-03-19T16:00:15","slug":"cartao-corporativo-no-agronegocio","status":"publish","type":"post","link":"https:\/\/vexpenses.com.br\/blog\/cartao-corporativo-no-agronegocio\/","title":{"rendered":"Cart\u00e3o corporativo no agroneg\u00f3cio: como gerir despesas no campo"},"content":{"rendered":"\n<p>A rotina de despesas no agroneg\u00f3cio tem particularidades que testam qualquer processo financeiro: frentes de trabalho longe da sede, compras de \u00faltima hora para n\u00e3o parar o maquin\u00e1rio, abastecimento e manuten\u00e7\u00e3o em hor\u00e1rios variados, al\u00e9m de comprovantes que acabam se perdendo. Nesse contexto, o <strong>cart\u00e3o corporativo no agroneg\u00f3cio<\/strong> deixa de ser apenas um meio de pagamento e passa a dar visibilidade e rastreabilidade aos gastos no momento em que eles acontecem.<\/p>\n\n\n\n<p>Este artigo \u00e9 um guia pr\u00e1tico sobre <strong>cart\u00e3o corporativo no agroneg\u00f3cio<\/strong>: quando usar, como controlar gastos no campo com time longe da sede e o que considerar para escolher um cart\u00e3o que funcione em fazendas, filiais e projetos. Vamos abordar os erros mais comuns de uso e como evitar com <strong>pol\u00edtica de despesas no agroneg\u00f3cio<\/strong>, limites por centro de custo, concilia\u00e7\u00e3o e auditoria.<\/p>\n\n\n\n<h2 class=\"wp-block-heading\">Os custos invis\u00edveis no agroneg\u00f3cio<\/h2>\n\n\n\n<p>Em opera\u00e7\u00e3o agr\u00edcola, o que mais pesa n\u00e3o \u00e9 s\u00f3 o valor da despesa, mas o que acontece quando ela <strong>n\u00e3o cai no lugar certo<\/strong>. Uma compra de pe\u00e7a registrada como \u201cdespesa geral\u201d muda a leitura do custo da unidade. Um abastecimento sem identifica\u00e7\u00e3o de fazenda vira discuss\u00e3o de rateio. E uma hospedagem sem motivo registrado aparece depois como \u201cviagem\u201d sem contexto, dif\u00edcil de justificar para gest\u00e3o.<\/p>\n\n\n\n<p>Outro ponto \u00e9 o tempo perdido entre o gasto e a decis\u00e3o. Quando a despesa fica \u201cno escuro\u201d por dias, o gestor n\u00e3o consegue corrigir rota durante a semana. Ele s\u00f3 descobre no fechamento, quando as alternativas j\u00e1 s\u00e3o mais duras: cortar algo que estava planejado ou conviver com o estouro. Essa janela de atraso, repetida em v\u00e1rias fazendas e frentes, vira custo invis\u00edvel operacional.<\/p>\n\n\n\n<p>Tamb\u00e9m existe o custo da falta de padroniza\u00e7\u00e3o. Sem um jeito \u00fanico de registrar categoria, unidade e justificativa, cada respons\u00e1vel faz \u201cdo seu jeito\u201d. No fim, o financeiro gasta energia organizando informa\u00e7\u00f5es b\u00e1sicas, e sobra menos tempo para olhar tend\u00eancias, negociar com fornecedores, revisar pol\u00edticas e melhorar o processo.<\/p>\n\n\n\n<h2 class=\"wp-block-heading\">Por que o cart\u00e3o corporativo virou pe\u00e7a-chave no campo<\/h2>\n\n\n\n<p>No agroneg\u00f3cio a decis\u00e3o precisa ser r\u00e1pida: uma m\u00e1quina para, uma pe\u00e7a falta, um deslocamento aparece, o abastecimento precisa acontecer, um fornecedor s\u00f3 aceita pagamento imediato. Nesses momentos, dinheiro em esp\u00e9cie e reembolso viram atalhos comuns, e cada atalho tende a aumentar o risco de perda de comprovante, classifica\u00e7\u00e3o errada e despesas sem dono.<\/p>\n\n\n\n<p>Nesse cen\u00e1rio, o cart\u00e3o corporativo entra como uma alternativa mais simples para dar autonomia ao campo, desde que o controle venha junto. <strong>Quando o cart\u00e3o est\u00e1 conectado \u00e0 rotina de <a href=\"https:\/\/vexpenses.com.br\/blog\/gestao-financeira-no-agronegocio\/?utm_source=blog&amp;utm_medium=organic&amp;utm_campaign=ancora&amp;utm_content=cartao-corporativo-agronegocio\" target=\"_blank\" rel=\"noreferrer noopener\">gest\u00e3o de despesas<\/a>, cada compra pode sair j\u00e1 com as informa\u00e7\u00f5es que a sede precisa<\/strong>: unidade, centro de custo, categoria e justificativa, al\u00e9m do comprovante anexado. Isso encurta a dist\u00e2ncia entre \u201caconteceu no campo\u201d e \u201cvirou dado gerenci\u00e1vel\u201d.<\/p>\n\n\n\n<p>Outro motivo para o cart\u00e3o ganhar espa\u00e7o \u00e9 a estrutura do agroneg\u00f3cio. Poucas empresas operam como uma \u00fanica unidade; o comum \u00e9 ter fazendas, filiais, projetos, frentes de trabalho, frota e sazonalidade forte por safra. Nessa configura\u00e7\u00e3o, o que resolve n\u00e3o \u00e9 \u201cter cart\u00e3o\u201d, e sim conseguir aplicar limite por centro de custo e acompanhar os gastos com visibilidade suficiente para agir antes do fechamento.<\/p>\n\n\n\n<figure class=\"wp-block-image size-full\"><a href=\"https:\/\/vexpenses.com.br\/demonstracoes\/fazer-gestao-cartoes-corporativos?utm_source=blog&amp;utm_medium=organic&amp;utm_campaign=bannerdemocartoes&amp;utm_content=cartao-corporativo-no-agronegocio\" target=\"_blank\" rel=\" noreferrer noopener\"><img loading=\"lazy\" decoding=\"async\" width=\"1024\" height=\"250\" src=\"https:\/\/vexpenses.com.br\/blog\/wp-content\/uploads\/2026\/03\/2026-03-12_blog_banner_demos-cartoes.webp\" alt=\"\" class=\"wp-image-43610\" srcset=\"https:\/\/vexpenses.com.br\/blog\/wp-content\/uploads\/2026\/03\/2026-03-12_blog_banner_demos-cartoes.webp 1024w, https:\/\/vexpenses.com.br\/blog\/wp-content\/uploads\/2026\/03\/2026-03-12_blog_banner_demos-cartoes-300x73.webp 300w, https:\/\/vexpenses.com.br\/blog\/wp-content\/uploads\/2026\/03\/2026-03-12_blog_banner_demos-cartoes-768x188.webp 768w\" sizes=\"auto, (max-width: 1024px) 100vw, 1024px\" \/><\/a><\/figure>\n\n\n\n<h2 class=\"wp-block-heading\">Erros comuns ao liberar cart\u00e3o no agroneg\u00f3cio e como evitar<\/h2>\n\n\n\n<p>Liberar cart\u00e3o corporativo no agroneg\u00f3cio sem um desenho de uso costuma dar agilidade para o campo, mas tira previsibilidade da sede. Em opera\u00e7\u00f5es com fazendas, filiais e frentes de trabalho, o cart\u00e3o passa a ser usado para resolver o dia, s\u00f3 que as despesas chegam ao financeiro sem as informa\u00e7\u00f5es necess\u00e1rias: qual unidade pagou, qual centro de custo, qual categoria e qual justificativa.<\/p>\n\n\n\n<p>O caminho para evitar esses problemas n\u00e3o \u00e9 travar o cart\u00e3o; \u00e9 <strong>configur\u00e1-lo para a rotina do agroneg\u00f3cio<\/strong>. Isso significa emitir cart\u00f5es por fun\u00e7\u00e3o, amarrar cada transa\u00e7\u00e3o a fazenda, filial ou projeto, definir limites e categorias, e garantir que a presta\u00e7\u00e3o de contas aconte\u00e7a junto com o uso do cart\u00e3o. A seguir, os erros mais comuns e como corrigir com ajustes diretos no cart\u00e3o e no fluxo de controle.<\/p>\n\n\n\n<h3 class=\"wp-block-heading\">Gastos sem vincula\u00e7\u00e3o \u00e0 fazenda, unidade ou centro de custo<\/h3>\n\n\n\n<p>Esse erro aparece quando o cart\u00e3o \u00e9 usado no posto, na oficina ou no fornecedor local e a despesa entra apenas como valor e data, sem deixar claro <strong>de qual fazenda, filial, frota ou projeto<\/strong> ela veio. No fechamento, o financeiro tenta \u201cadivinhar\u201d a unidade correta, e o gestor contesta porque a despesa n\u00e3o est\u00e1 rastre\u00e1vel. Em pouco tempo, relat\u00f3rios por centro de custo deixam de ser confi\u00e1veis e o or\u00e7amento perde ader\u00eancia ao que aconteceu no campo.<\/p>\n\n\n\n<p>Como evitar: transforme a vincula\u00e7\u00e3o em regra do uso, n\u00e3o em corre\u00e7\u00e3o posterior. Na pr\u00e1tica, o cart\u00e3o precisa operar com um fluxo em que cada transa\u00e7\u00e3o exija sele\u00e7\u00e3o de <strong>centro de custo <\/strong>e categoria antes de seguir para aprova\u00e7\u00e3o. Quando a estrutura de centros de custo espelha a opera\u00e7\u00e3o (fazenda, frente de trabalho, safra, frota), o usu\u00e1rio escolhe com mais precis\u00e3o e o financeiro deixa de reclassificar em lote no fim do m\u00eas. Para casos que atendem mais de uma unidade, defina um padr\u00e3o, como rateio com regra ou direcionamento para compra central.<\/p>\n\n\n\n<h3 class=\"wp-block-heading\">Estouro de or\u00e7amento por falta de limites e categorias<\/h3>\n\n\n\n<p>No agroneg\u00f3cio, o estouro raramente acontece s\u00f3 por uma compra grande. Ele costuma vir de repeti\u00e7\u00e3o: abastecimentos al\u00e9m do previsto, manuten\u00e7\u00e3o corretiva em sequ\u00eancia, deslocamentos que aumentam por mudan\u00e7a de frente, e compras urgentes que passam sem filtro. Quando o cart\u00e3o corporativo \u00e9 liberado com um limite \u00fanico e categorias abertas, combust\u00edvel, pe\u00e7as, hospedagem e alimenta\u00e7\u00e3o competem pelo mesmo teto.<\/p>\n\n\n\n<p>Como evitar: configure limites e categorias no pr\u00f3prio cart\u00e3o, alinhados \u00e0 realidade do campo. Em vez de um limite gen\u00e9rico, aplique camadas: limite por pessoa ou cart\u00e3o, por per\u00edodo e por categoria. Considere tamb\u00e9m o limite por centro de custo (fazenda, filial ou projeto), para que o consumo fique vis\u00edvel na unidade certa e seja poss\u00edvel acompanhar or\u00e7amento por fazenda sem depender do fechamento.<\/p>\n\n\n\n<h3 class=\"wp-block-heading\">Comprovantes ausentes na presta\u00e7\u00e3o de contas<\/h3>\n\n\n\n<p>Na rotina do agroneg\u00f3cio, o comprovante some porque a compra no cart\u00e3o corporativo acontece no posto, na oficina ou no fornecedor local, e o papel n\u00e3o volta para a sede no mesmo ritmo. Quando o envio fica para depois, a presta\u00e7\u00e3o de contas atrasa e o financeiro fica s\u00f3 com o extrato, sem evid\u00eancia para conciliar e auditar.<\/p>\n\n\n\n<p>Como evitar: na pr\u00e1tica, \u00e9 recomend\u00e1vel usar o cart\u00e3o com de um sistema de gest\u00e3o de despesas. Assim, a presta\u00e7\u00e3o de contas acontece no mesmo momento do gasto: o colaborador paga com o cart\u00e3o e j\u00e1 registra a despesa na plataforma, anexando o comprovante digitalizado e preenchendo as informa\u00e7\u00f5es \u2014 fazenda, filial ou projeto, centro de custo e categoria (combust\u00edvel, manuten\u00e7\u00e3o, log\u00edstica etc.). Desse jeito, o financeiro recebe a transa\u00e7\u00e3o do cart\u00e3o j\u00e1 com evid\u00eancia e contexto para conciliar e auditar.<\/p>\n\n\n\n<h3 class=\"wp-block-heading\">Uso indevido e fraudes<\/h3>\n\n\n\n<p>Em opera\u00e7\u00f5es com muitas frentes, o risco cresce quando existe cart\u00e3o compartilhado, categoria ampla demais e pouca trilha de responsabilidade. No agroneg\u00f3cio, isso pode aparecer como gasto fora de escopo (despesa sem rela\u00e7\u00e3o com a unidade), repeti\u00e7\u00e3o sem justificativa ou tentativa de enquadrar tudo como \u201curg\u00eancia\u201d. Sem regras aplicadas no cart\u00e3o, a empresa s\u00f3 descobre os problemas depois, quando o contexto j\u00e1 esfriou e a investiga\u00e7\u00e3o vira desgaste entre sede e campo.<\/p>\n\n\n\n<p>Como evitar: reduza brechas diretamente na configura\u00e7\u00e3o do cart\u00e3o. Priorize cart\u00e3o com respons\u00e1vel definido (por fun\u00e7\u00e3o), limite e categorias compat\u00edveis com essa fun\u00e7\u00e3o, e obrigatoriedade de vincular cada transa\u00e7\u00e3o a centro de custo. Separe o que \u00e9 rotina do que \u00e9 exce\u00e7\u00e3o: compras recorrentes devem ficar em categorias bem definidas; emerg\u00eancias devem ter categoria pr\u00f3pria, teto e justificativa obrigat\u00f3ria para n\u00e3o virarem caminho padr\u00e3o. Esse desenho mant\u00e9m o cart\u00e3o \u00fatil para o campo e protege a empresa sem travar a opera\u00e7\u00e3o.<\/p>\n\n\n\n<p><strong>Conhe\u00e7a a <a href=\"https:\/\/vexpenses.com.br\/blog\/historia-de-sucesso-vexpenses-ourofino-agrociencia\/?utm_source=blog&amp;utm_medium=organic&amp;utm_campaign=ancora&amp;utm_content=cartao-corporativo-agronegocio\">hist\u00f3ria de sucesso de como a VExpenses ajudou a Ourofino<\/a> a reduzir em 87% o tempo gasto com o reembolso!<\/strong><\/p>\n\n\n\n<h2 class=\"wp-block-heading\">Checklist para escolher seu cart\u00e3o no agroneg\u00f3cio<\/h2>\n\n\n\n<p>Antes de comparar taxas e bandeiras, compare a capacidade de o cart\u00e3o sustentar o que importa no agroneg\u00f3cio: unidade, centro de custo, regra, presta\u00e7\u00e3o de contas e concilia\u00e7\u00e3o. Um cart\u00e3o que entrega estrutura reduz retrabalho e melhora a previsibilidade financeira.<\/p>\n\n\n\n<h3 class=\"wp-block-heading\">\u00c9 poss\u00edvel fazer o controle por unidade, fazenda ou centro de custo?<\/h3>\n\n\n\n<p>Para opera\u00e7\u00f5es com fazendas e filiais, isso \u00e9 requisito b\u00e1sico. Se a solu\u00e7\u00e3o n\u00e3o permite organizar gastos por unidade e centro de custo, o financeiro vai ter de classificar depois e o volume vai crescer justamente nos momentos de safra.<\/p>\n\n\n\n<p>Tamb\u00e9m vale checar se d\u00e1 para ter vis\u00f5es diferentes: gestor de unidade v\u00ea o que \u00e9 dele, e a sede v\u00ea o consolidado. Isso reduz ru\u00eddos e evita que todo mundo dependa do financeiro para responder perguntas simples.<\/p>\n\n\n\n<h3 class=\"wp-block-heading\">H\u00e1 visibilidade dos gastos em tempo real?<\/h3>\n\n\n\n<p>\u201cTempo real\u201d serve para duas coisas no agroneg\u00f3cio: corrigir gastos fora do padr\u00e3o enquanto o contexto ainda existe e agir r\u00e1pido em situa\u00e7\u00f5es de perda, troca de respons\u00e1vel ou movimenta\u00e7\u00e3o de equipe. O que interessa n\u00e3o \u00e9 s\u00f3 o valor; \u00e9 ver quem gastou, onde, em qual categoria e para qual unidade.<\/p>\n\n\n\n<p>Quando a visibilidade \u00e9 boa, d\u00e1 para fazer gest\u00e3o semanal por fazenda e reduzir a press\u00e3o do fechamento. Em vez de descobrir tudo no fim do m\u00eas, voc\u00ea trata pend\u00eancias e desvios durante a opera\u00e7\u00e3o.<\/p>\n\n\n\n<h3 class=\"wp-block-heading\">Existem limites por pessoa, cart\u00e3o e\/ou categoria?<\/h3>\n\n\n\n<p>Limites s\u00e3o a parte pr\u00e1tica da pol\u00edtica. Sem isso, a regra vira apenas texto. Para o contexto do agroneg\u00f3cio, procure flexibilidade para combinar limite por pessoa, por categoria e por per\u00edodo. Assim, voc\u00ea faz a gest\u00e3o sem travar compras necess\u00e1rias.<\/p>\n\n\n\n<p>Verifique tamb\u00e9m se \u00e9 simples ajustar limites por safra ou por frente. Em alguns per\u00edodos, a opera\u00e7\u00e3o muda de ritmo, e o cart\u00e3o precisa acompanhar esse ritmo sem virar exce\u00e7\u00e3o di\u00e1ria.<\/p>\n\n\n\n<h3 class=\"wp-block-heading\">Como funcionar\u00e1 a presta\u00e7\u00e3o de contas?<\/h3>\n\n\n\n<p>A presta\u00e7\u00e3o de contas precisa funcionar na estrada e na fazenda. Se o fluxo for pesado, o usu\u00e1rio adia e o comprovante se perde. Priorize um processo com padr\u00e3o e pouco atrito: centro de custo, categoria, justificativa quando necess\u00e1rio e comprovante.<\/p>\n\n\n\n<p>O ideal \u00e9 que isso aconte\u00e7a em um sistema de gest\u00e3o de despesas integrado ao cart\u00e3o, para o colaborador anexar o comprovante digitalizado e completar esses campos logo ap\u00f3s o pagamento. Tamb\u00e9m verifique se a plataforma tem um fluxo claro de aprova\u00e7\u00e3o (quem aprova, em qual ordem) e como trata pend\u00eancias, para n\u00e3o virar \u201cida e volta\u201d no fechamento.<\/p>\n\n\n\n<h3 class=\"wp-block-heading\">Como funcionam concilia\u00e7\u00e3o e auditoria (regras, alertas e trilha)?<\/h3>\n\n\n\n<p>Aqui \u00e9 onde muitas empresas sentem diferen\u00e7a no fechamento. Se a concilia\u00e7\u00e3o depende de cruzar extrato com planilhas e mensagens de WhatsApp, o m\u00eas sempre fecha pesado. O ideal \u00e9 que o gasto j\u00e1 chegue estruturado, e que auditoria seja feita por exce\u00e7\u00e3o: olhar o que est\u00e1 fora de regra, n\u00e3o revalidar o b\u00e1sico.<\/p>\n\n\n\n<p>Na auditoria, procure recursos de trilha: quem aprovou, quando aprovou, o que foi anexado, qual justificativa. Isso protege o processo e facilita explicar decis\u00f5es quando h\u00e1 questionamento interno.<\/p>\n\n\n\n<h3 class=\"wp-block-heading\">\u00c9 poss\u00edvel integrar os gastos ao ERP?<\/h3>\n\n\n\n<p>Se o destino final do dado \u00e9 o ERP, a pergunta \u00e9: o cart\u00e3o entrega apenas valores ou entrega valores com estrutura (centro de custo, categoria, unidade, projeto)? A integra\u00e7\u00e3o \u00fatil \u00e9 a que reduz digita\u00e7\u00e3o e retrabalho. Sem isso, a empresa s\u00f3 transfere um extrato e continua sofrendo na classifica\u00e7\u00e3o.<\/p>\n\n\n\n<figure class=\"wp-block-image size-full\"><a href=\"https:\/\/vexpenses.com.br\/demonstracoes\/fazer-gestao-cartoes-corporativos?utm_source=blog&amp;utm_medium=organic&amp;utm_campaign=bannerdemocartoes&amp;utm_content=10-anos-de-controle\" target=\"_blank\" rel=\" noreferrer noopener\"><img loading=\"lazy\" decoding=\"async\" width=\"1024\" height=\"250\" src=\"https:\/\/vexpenses.com.br\/blog\/wp-content\/uploads\/2026\/03\/2026-03-12_blog_banner_demos-cartoes.webp\" alt=\"\" class=\"wp-image-43610\" srcset=\"https:\/\/vexpenses.com.br\/blog\/wp-content\/uploads\/2026\/03\/2026-03-12_blog_banner_demos-cartoes.webp 1024w, https:\/\/vexpenses.com.br\/blog\/wp-content\/uploads\/2026\/03\/2026-03-12_blog_banner_demos-cartoes-300x73.webp 300w, https:\/\/vexpenses.com.br\/blog\/wp-content\/uploads\/2026\/03\/2026-03-12_blog_banner_demos-cartoes-768x188.webp 768w\" sizes=\"auto, (max-width: 1024px) 100vw, 1024px\" \/><\/a><\/figure>\n\n\n\n<h2 class=\"wp-block-heading\">Como implementar um cart\u00e3o corporativo no seu agroneg\u00f3cio<\/h2>\n\n\n\n<p>Implementar um cart\u00e3o corporativo no seu agroneg\u00f3cio com uma boa gest\u00e3o envolve tr\u00eas decis\u00f5es: <strong>desenho do fluxo, pol\u00edtica aplic\u00e1vel ao campo e rotina do financeiro para n\u00e3o deixar acumular pend\u00eancias<\/strong>. Um bom come\u00e7o \u00e9 pilotar por unidade ou por frente de trabalho, em vez de liberar tudo de uma vez. Assim, voc\u00ea ajusta limites e categorias com base na realidade e evita transformar exce\u00e7\u00f5es em padr\u00e3o.<\/p>\n\n\n\n<h3 class=\"wp-block-heading\">Estruture o fluxo: solicita\u00e7\u00e3o, aprova\u00e7\u00e3o, uso e auditoria<\/h3>\n\n\n\n<p>Defina o ciclo completo, com responsabilidades. Quem solicita cart\u00e3o ou aumento de limite? Quem aprova por unidade? Quem valida presta\u00e7\u00e3o de contas? Quem audita exce\u00e7\u00f5es? Quando essas respostas n\u00e3o s\u00e3o claras, a opera\u00e7\u00e3o resolve sozinha e o controle vira corre\u00e7\u00e3o tardia.<\/p>\n\n\n\n<p>No agroneg\u00f3cio, tamb\u00e9m ajuda separar por tipo de despesa. Abastecimento e manuten\u00e7\u00e3o t\u00eam comportamento diferente de hospedagem e alimenta\u00e7\u00e3o. Se tudo entra no mesmo fluxo sem categoria definida, voc\u00ea perde a capacidade de orientar e prevenir.<\/p>\n\n\n\n<p>Por fim, deixe o fluxo \u201cexecut\u00e1vel\u201d no campo: registro simples, campos objetivos e aprova\u00e7\u00e3o que n\u00e3o trave nada. A regra precisa caber na rotina da fazenda para funcionar de verdade.<\/p>\n\n\n\n<h3 class=\"wp-block-heading\">Defina a pol\u00edtica de gastos no campo<\/h3>\n\n\n\n<p>Uma <strong>pol\u00edtica de despesas no agroneg\u00f3cio<\/strong> que funciona \u00e9 aquela que o campo entende e que o financeiro consegue aplicar de forma consistente. Para isso, ela precisa cobrir:<\/p>\n\n\n\n<ul class=\"wp-block-list\">\n<li><strong>Categorias permitidas e proibidas<\/strong>: combust\u00edvel, manuten\u00e7\u00e3o, pe\u00e7as, log\u00edstica, ped\u00e1gio, hospedagem, alimenta\u00e7\u00e3o, compras urgentes de baixo valor. Proibir o que n\u00e3o faz sentido reduz discuss\u00f5es e abre espa\u00e7o para exce\u00e7\u00f5es bem justificadas quando necess\u00e1rio.<\/li>\n\n\n\n<li><strong>Teto por transa\u00e7\u00e3o e por per\u00edodo<\/strong>: defina limites por compra e per\u00edodo, com varia\u00e7\u00e3o por fun\u00e7\u00e3o. Isso evita tanto compras fora de padr\u00e3o quanto o ac\u00famulo silencioso.<\/li>\n\n\n\n<li><strong>Exce\u00e7\u00f5es (emerg\u00eancia) com regra pr\u00f3pria<\/strong>: emerg\u00eancia precisa de categoria espec\u00edfica, justificativa objetiva, prazo curto de presta\u00e7\u00e3o de contas e, quando fizer sentido, aprova\u00e7\u00e3o posterior para n\u00e3o parar opera\u00e7\u00e3o. O que n\u00e3o pode \u00e9 \u201cemerg\u00eancia\u201d virar a categoria padr\u00e3o.<\/li>\n\n\n\n<li><strong>Prazo de presta\u00e7\u00e3o de contas e tratamento de pend\u00eancia<\/strong>: estabele\u00e7a o prazo e a consequ\u00eancia pr\u00e1tica (bloqueio, redu\u00e7\u00e3o de limite, impedimento de novas recargas) para n\u00e3o depender de cobran\u00e7a manual.<\/li>\n\n\n\n<li><strong>Penalidades e bloqueio<\/strong>: defina quando bloquear (perda, suspeita, pend\u00eancias recorrentes) e como reabilitar. Isso d\u00e1 previsibilidade e protege o processo.<\/li>\n<\/ul>\n\n\n\n<p>O resultado esperado \u00e9 simples: compras urgentes continuam poss\u00edveis, mas n\u00e3o desmontam o or\u00e7amento.<\/p>\n\n\n\n<h3 class=\"wp-block-heading\">Estabele\u00e7a a rotina do financeiro<\/h3>\n\n\n\n<p>A rotina que d\u00e1 sustenta\u00e7\u00e3o para o cart\u00e3o deve ser semanal, n\u00e3o mensal. Uma rotina enxuta costuma incluir: revisar despesas sem centro de custo, pend\u00eancias de comprovante, gastos fora de categoria, transa\u00e7\u00f5es acima do normal e recorr\u00eancias que deveriam migrar para suprimentos.<\/p>\n\n\n\n<p>Esse acompanhamento tamb\u00e9m \u00e9 uma forma de calibrar as pol\u00edticas. Se a mesma exce\u00e7\u00e3o aparece toda semana, talvez n\u00e3o seja exce\u00e7\u00e3o: talvez a categoria esteja mal definida ou o limite esteja incompat\u00edvel com a realidade daquela frente. Ajustar cedo evita que o problema se espalhe para outras unidades.<\/p>\n\n\n\n<h2 class=\"wp-block-heading\">Como a VExpenses atua no controle de despesas com cart\u00e3o no agroneg\u00f3cio<\/h2>\n\n\n\n<p>No contexto do agroneg\u00f3cio, o diferencial aparece quando o cart\u00e3o n\u00e3o \u00e9 uma pe\u00e7a isolada e sim parte do fluxo de despesas. O <strong><a href=\"https:\/\/vexpenses.com.br\/cartao-corporativo-e-cartao-empresarial?utm_source=blog&amp;utm_medium=organic&amp;utm_campaign=ancora&amp;utm_content=cartao-corporativo-agronegocio\" target=\"_blank\" rel=\"noreferrer noopener\">Cart\u00e3o VExpenses<\/a><\/strong> opera integrado \u00e0 gest\u00e3o de despesas, permitindo organizar gastos com aloca\u00e7\u00e3o por unidade ou centro de custo, aplicar limites e regras e padronizar a presta\u00e7\u00e3o de contas em um \u00fanico processo, do uso no campo at\u00e9 a concilia\u00e7\u00e3o e auditoria.<\/p>\n\n\n\n<p>Na pr\u00e1tica, isso facilita o que normalmente \u00e9 trabalhoso: vincular a despesa \u00e0 fazenda, filial ou projeto, reduzir a falta de comprovantes e manter visibilidade gerencial para sede e gestores de unidade. Tamb\u00e9m ajuda a separar cen\u00e1rios: cart\u00e3o corporativo individual para responsabiliza\u00e7\u00e3o por fun\u00e7\u00e3o (gestor de fazenda, compras local, frota) e cart\u00e3o empresarial quando o uso faz sentido por unidade, sempre com respons\u00e1vel definido e regras claras para n\u00e3o virar cart\u00e3o compartilhado sem trilha.<\/p>\n\n\n\n<p>Para ter cart\u00e3o corporativo, presta\u00e7\u00e3o de contas digitalizada e concilia\u00e7\u00e3o no mesmo fluxo \u2014 com aloca\u00e7\u00e3o por fazenda ou centro de custo e regras de limites e categorias \u2014 clique e veja como a <a href=\"https:\/\/vexpenses.com.br\/segmentos\/agronegocio?utm_source=blog&amp;utm_medium=organic&amp;utm_campaign=ancora&amp;utm_content=cartao-corporativo-agronegocio\"><strong>VExpenses<\/strong><\/a> atende opera\u00e7\u00f5es de agroneg\u00f3cio.<\/p>\n\n\n<section id=\"containerForm\">\n    <div class=\"form-container-demo d-flex flex-column\">\n      <div class=\"container-title-demo\">\n        <div class=\"form-title-demo\">\n          <h3>Veja como a VExpenses transforma sua gest\u00e3o de despesas<\/h3>\n          <p>Descubra como automatizar e simplificar a presta\u00e7\u00e3o de contas da sua empresa.<\/p>\n        <\/div>\n      <\/div>\n      <div class=\"rounded-5 overflow-hidden bg-white p-4 p-md-5 form-border\" >\n        <form id=\"formContatoReembolso\" class=\"form-demo\" onsubmit=\"return validateFormDemoMeioPost(event)\" method=\"POST\">\n          <div class=\"form-group col-md-12 pb-4 d-flex flex-column\">\n            <label htmlFor=\"name-form-meio\">Nome completo<\/label>\n            <input size=\"40\" \n              maxlength=\"80\" \n              class=\"form-input-demo\"\n              placeholder=\"Ex.: Maria Silva\"\n              type=\"text\"\n              name=\"name-form-meio\"\n              id=\"name-form-meio\" required\n            \/>\n            <span id=\"nameError\" class=\"error-message\"><\/span>\n          <\/div>\n    \n          <div class=\"form-group col-md-12 pb-4 d-flex flex-column\">\n            <label htmlFor=\"email-form-meio\">E-mail profissional<\/label>\n            <input class=\"form-input-demo\"\n              name='email-form-meio'\n              type=\"email\"\n              id=\"email-form-meio\"\n              placeholder=\"Ex.: maria@vexpenses.com.br\"\n              required\n            \/>\n            <span id=\"emailError\" class=\"error-message\"><\/span>\n          <\/div>\n    \n          <div class=\"form-group col-md-12 pb-4 d-flex flex-column\">\n            <label htmlFor=\"company-form-meio\">Nome da empresa<\/label>\n            <input class=\"form-input-demo\"\n              name='company-form-meio'\n              type=\"text\"\n              id=\"company-form-meio\"\n              placeholder=\"Ex.: VExpenses\"\n              required\n            \/>\n            <span id=\"companyError\" class=\"error-message\"><\/span>\n          <\/div>\n\n          <div class=\"form-group col-md-12 pb-4 d-flex flex-column\">\n            <label htmlFor=\"phone-form-meio\">Telefone<\/label>\n            <input class=\"form-input-demo\" \n              name=\"phone-form-meio\"\n              placeholder=\"(00) 0000-0000\"\n              type=\"text\" \n              maxlength=\"15\" \n              id=\"phone-form-meio\"\n              required\n              onkeypress=\"handlePhoneDemo(event)\"\n            \/>\n            <span id=\"phoneError\" class=\"error-message\"><\/span>\n          <\/div>\n          \n          <div>\n            <div>\n              <p>\n                Ao informar seus dados, voc\u00ea concorda com nossa \n                <a href=\"https:\/\/vexpenses.com.br\/politica-privacidade\" target=\"_blank\" rel=\"noreferrer noopener\">politica de privacidade<\/a> e nossos <a href=\"https:\/\/vexpenses.com.br\/termo-consentimento-contato\" target=\"_blank\" rel=\"noreferrer noopener\">Termos de uso<\/a>\n              <\/p>\n            <\/div>\n    \n            <div>\n              <button class=\"btn btn-secondary button-submit-demo\" type=\"submit\">Enviar<\/button>\n            <\/div>\n          <\/div>\n        <\/form>\n      <\/div>\n\n<!--      <script>-->\n<!--function submitFormDemoMeioPost(){-->\n<!--  const nome = $(\"#name-form-meio\").val();-->\n<!--  const email = $(\"#email-form-meio\").val();-->\n<!--  const empresa = $(\"#company-form-meio\").val();-->\n<!--  const telefone = $(\"#phone-form-meio\").val();-->\n\n<!--  const data = {-->\n<!--    nome,-->\n<!--    email,-->\n<!--    empresa,-->\n<!--    telefone,-->\n<!--    urlConversao: document.location.href,-->\n<!--    contactType: 'contatoDemo',-->\n<!--    referralCode: \"\",-->\n<!--    refSource: \"\",-->\n<!--    mensagem: \"\"-->\n<!--  }-->\n\n<!--  fetch('https:\/\/app.vexpenses.com\/enviar-contato', {-->\n<!--  method: 'POST',-->\n<!--  headers: {-->\n<!--    'Content-Type': 'application\/json',-->\n<!--  },-->\n<!--  body: JSON.stringify(data),-->\n<!--  })-->\n<!--  .then((response) => {-->\n<!--    if (!response.ok) {-->\n<!--      throw new Error('Erro ao enviar formul\u00e1rio');-->\n<!--    }-->\n<!--    return response.json();-->\n<!--  })-->\n<!--  .then((data) => {-->\n<!--    console.log(\"Success:\", data);-->\n<!--     localStorage.setItem('showModal', false); -->\n<!--     window.location.href = \"https:\/\/www.vexpenses.com.br\/demonstracoes\"-->\n<!--  })-->\n<!--  .catch((error) => {-->\n<!--    console.error(\"Error:\", error);-->\n<!--  });-->\n<!--}-->\n\n<!--function handlePhoneDemo(event){-->\n<!--  let input = event.target;-->\n<!--  input.value = phoneMaskDemo(input.value);-->\n<!--}-->\n\n<!--function phoneMaskDemo(value){-->\n<!--  if (!value) return \"\";-->\n<!--  value = value.replace(\/\\D\/g,'');-->\n<!--  value = value.replace(\/(\\d{2})(\\d)\/,\"($1) $2\");-->\n<!--  value = value.replace(\/(\\d)(\\d{4})$\/,\"$1-$2\");-->\n<!--  return value;-->\n<!--}-->\n\n<!--function validateFormDemoMeioPost(event) {-->\n<!--  event.preventDefault();-->\n<!--  const name = document.getElementById('name-form-meio');-->\n<!--  const email = document.getElementById('email-form-meio');-->\n<!--  const company = document.getElementById('company-form-meio');-->\n<!--  const phone = document.getElementById('phone-form-meio');-->\n<!--  let valid = true;-->\n\n<!--  if (name.value.trim().length < 3) {-->\n<!--    document.getElementById('nameError').textContent = 'O nome deve ter no m\u00ednimo 3 caracteres';-->\n<!--    valid = false;-->\n<!--  } else {-->\n<!--    document.getElementById('nameError').textContent = '';-->\n<!--  }-->\n\n<!--  if (!email.checkValidity()) {-->\n<!--    document.getElementById('emailError').textContent = 'Insira um e-mail v\u00e1lido';-->\n<!--    valid = false;-->\n<!--  } else {-->\n<!--    document.getElementById('emailError').textContent = '';-->\n<!--  }-->\n\n<!--  if (company.value.trim().length < 2) {-->\n<!--    document.getElementById('companyError').textContent = 'O nome da empresa deve ter no m\u00ednimo 2 caracteres';-->\n<!--    valid = false;-->\n<!--  } else {-->\n<!--    document.getElementById('companyError').textContent = '';-->\n<!--  }-->\n\n<!--  const phonePattern = \/^\\(\\d{2}\\) \\d{4,5}-\\d{4}$\/;-->\n<!--  if (!phonePattern.test(phone.value)) {-->\n<!--    document.getElementById('phoneError').textContent = 'Insira um telefone v\u00e1lido no formato (00) 0000-0000';-->\n<!--    valid = false;-->\n<!--  } else {-->\n<!--    document.getElementById('phoneError').textContent = '';-->\n<!--  }-->\n\n<!--  if (valid) {-->\n<!--    submitFormDemoMeioPost();-->\n<!--  }-->\n<!--}-->\n<!--      <\/script>-->\n  <\/div>\n  <script>\n  function openModal(message, redirectUrl = null) {\n    const modal = document.getElementById(\"customModal\");\n    const modalMsg = document.getElementById(\"modalMessage\");\n    const modalOk = document.getElementById(\"modalOk\");\n\n    modalMsg.textContent = message;\n    modal.style.display = \"flex\";\n\n    modalOk.onclick = () => {\n      modal.style.display = \"none\";\n      if (redirectUrl) {\n        window.location.href = redirectUrl;\n      }\n    };\n  }\n\n  function submitFormDemoMeioPost() {\n    const nome = document.getElementById(\"name-form-meio\").value.trim();\n    const email = document.getElementById(\"email-form-meio\").value.trim();\n    const empresa = document.getElementById(\"company-form-meio\").value.trim();\n    const telefone = document.getElementById(\"phone-form-meio\").value.trim();\n\n    const data = {\n      nome,\n      email,\n      empresa,\n      telefone,\n      urlConversao: document.location.href,\n      contactType: \"contatoDemo\",\n      referralCode: \"\",\n      refSource: \"\",\n      mensagem: \"\",\n    };\n\n    fetch(\"https:\/\/app.vexpenses.com\/enviar-contato\", {\n      method: \"POST\",\n      headers: { \"Content-Type\": \"application\/json\" },\n      body: JSON.stringify(data),\n    })\n      .then((response) => {\n        if (!response.ok) throw new Error(\"Erro ao enviar formul\u00e1rio\");\n        return response.json();\n      })\n      .then(() => {\n        localStorage.setItem(\"showModal\", false);\n        openModal(\n          \"\u2705 Formul\u00e1rio enviado com sucesso!\",\n          \"https:\/\/www.vexpenses.com.br\/demonstracoes\"\n        );\n      })\n      .catch(() => {\n        openModal(\"\u274c Erro ao enviar o formul\u00e1rio, tente novamente.\");\n      });\n  }\n\n  function handlePhoneDemo(event) {\n    const input = event.target;\n    input.value = phoneMaskDemo(input.value);\n  }\n\n  function phoneMaskDemo(value) {\n    if (!value) return \"\";\n    value = value.replace(\/\\D\/g, \"\");\n    if (value.length > 11) value = value.slice(0, 11);\n\n    if (value.length <= 10) {\n      \/\/ Telefone fixo: (99) 9999-9999\n      value = value.replace(\/(\\d{2})(\\d{4})(\\d{0,4})\/, \"($1) $2-$3\");\n    } else {\n      \/\/ Celular: (99) 99999-9999\n      value = value.replace(\/(\\d{2})(\\d{5})(\\d{0,4})\/, \"($1) $2-$3\");\n    }\n\n    return value.trim();\n  }\n\n  function validateFormDemoMeioPost(event) {\n    event.preventDefault();\n\n    const name = document.getElementById(\"name-form-meio\").value.trim();\n    const email = document.getElementById(\"email-form-meio\").value.trim();\n    const company = document.getElementById(\"company-form-meio\").value.trim();\n    const phone = document.getElementById(\"phone-form-meio\").value.trim();\n\n    if (name.length < 3) {\n      openModal(\"\u26a0\ufe0f O nome deve ter no m\u00ednimo 3 caracteres\");\n      return false;\n    }\n\n    if (!\/^[^\\s@]+@[^\\s@]+\\.[^\\s@]+$\/.test(email)) {\n      openModal(\"\u26a0\ufe0f Insira um e-mail v\u00e1lido\");\n      return false;\n    }\n\n    if (company.length < 2) {\n      openModal(\"\u26a0\ufe0f O nome da empresa deve ter no m\u00ednimo 2 caracteres\");\n      return false;\n    }\n\n    const phonePattern = \/^\\(\\d{2}\\)\\s?\\d{4,5}-\\d{4}$\/;\n    if (!phonePattern.test(phone)) {\n      openModal(\"\u26a0\ufe0f Insira um telefone v\u00e1lido\");\n      return false;\n    }\n\n    submitFormDemoMeioPost();\n    return true;\n  }\n<\/script>\n<div id=\"customModal\" style=\"\n  display: none;\n  position: fixed;\n  top: 0; left: 0;\n  width: 100%; height: 100%;\n  background: rgba(0,0,0,0.6);\n  justify-content: center;\n  align-items: center;\n  z-index: 9999;\n\">\n  <div style=\"\n    background: white;\n    padding: 2rem;\n    border-radius: 1rem;\n    max-width: 90%;\n    text-align: center;\n  \">\n    <p id=\"modalMessage\" style=\"margin-bottom: 1.5rem;\"><\/p>\n    <button id=\"modalOk\" style=\"\n      background: #00326b;\n      color: white;\n      border: none;\n      padding: 0.8rem 1.6rem;\n      border-radius: 0.5rem;\n      cursor: pointer;\n    \">\n      OK\n    <\/button>\n  <\/div>\n<\/div>\n\n  <\/section>\n\n\n<h2 class=\"wp-block-heading\">Perguntas frequentes sobre cart\u00e3o corporativo no agroneg\u00f3cio<\/h2>\n\n\n\n<h3 class=\"wp-block-heading\">Cart\u00e3o corporativo no agroneg\u00f3cio funciona para compras emergenciais no campo?<\/h3>\n\n\n\n<p>Funciona quando a empresa define categoria espec\u00edfica, limite compat\u00edvel, justificativa obrigat\u00f3ria e prazo curto de presta\u00e7\u00e3o de contas. Isso garante que a compra aconte\u00e7a quando precisa acontecer, mas evita que a urg\u00eancia vire desculpa recorrente para fugir da pol\u00edtica.<\/p>\n\n\n\n<h3 class=\"wp-block-heading\">Com cart\u00e3o corporativo no agroneg\u00f3cio, \u00e9 poss\u00edvel controlar gastos por fazenda ou centro de custo?<\/h3>\n\n\n\n<p>Sim, desde que a estrutura de centros de custo esteja bem desenhada e a vincula\u00e7\u00e3o seja obrigat\u00f3ria no registro. O controle por fazenda, filial ou projeto \u00e9 o que permite entender onde o or\u00e7amento est\u00e1 sendo consumido e comparar desempenho entre unidades sem depender de reclassifica\u00e7\u00e3o manual.<\/p>\n\n\n\n<h3 class=\"wp-block-heading\">Como definir limites e categorias no cart\u00e3o corporativo no agroneg\u00f3cio para combust\u00edvel e manuten\u00e7\u00e3o?<\/h3>\n\n\n\n<p>Para combust\u00edvel, o padr\u00e3o mais \u00fatil \u00e9 limite por per\u00edodo e por perfil, com categoria obrigat\u00f3ria e registro consistente de unidade. Isso reduz a varia\u00e7\u00e3o sem explica\u00e7\u00e3o e ajuda a identificar consumo fora do normal.<\/p>\n\n\n\n<p>Para manuten\u00e7\u00e3o, diferencie preventiva e corretiva. A preventiva tende a ser mais previs\u00edvel e pode ter limites regulares por per\u00edodo. A corretiva precisa de um caminho de exce\u00e7\u00e3o, com teto por transa\u00e7\u00e3o, justificativa e prazo curto de presta\u00e7\u00e3o de contas.<\/p>\n\n\n\n<h3 class=\"wp-block-heading\">\u00c9 poss\u00edvel ter cart\u00e3o corporativo no agroneg\u00f3cio por fun\u00e7\u00e3o (gestor de fazenda, compras, frota)?<\/h3>\n\n\n\n<p>Sim, e esse desenho costuma funcionar melhor do que liberar cart\u00e3o sem crit\u00e9rio. Cart\u00f5es por fun\u00e7\u00e3o permitem ajustar limites e categorias ao papel: frota pode ter foco em combust\u00edvel e manuten\u00e7\u00e3o, gestor de fazenda pode cobrir despesas operacionais da unidade com limites coerentes, entre outros.<\/p>\n","protected":false},"excerpt":{"rendered":"A rotina de despesas no agroneg\u00f3cio tem particularidades que testam qualquer processo financeiro: frentes de trabalho longe da sede, compras de \u00faltima hora para n\u00e3o parar o maquin\u00e1rio, abastecimento e manuten\u00e7\u00e3o em hor\u00e1rios variados, al\u00e9m de comprovantes que acabam se perdendo. Nesse contexto, o cart\u00e3o corporativo no agroneg\u00f3cio deixa de ser apenas um meio de [&hellip;]","protected":false},"author":28,"featured_media":43404,"comment_status":"open","ping_status":"open","sticky":false,"template":"","format":"standard","meta":{"inline_featured_image":false,"footnotes":""},"categories":[1871],"tags":[1694,772,1387],"funil":[],"jornada":[1909],"persona":[],"objetivo":[],"assunto":[],"class_list":["post-43402","post","type-post","status-publish","format-standard","has-post-thumbnail","hentry","category-cartoes-corporativos","tag-cartao-corporativo","tag-gestao-financeira","tag-prestacao-de-contas","jornada-otimizacao-de-processos"],"yoast_head":"<!-- This site is optimized with the Yoast SEO plugin v22.9 - https:\/\/yoast.com\/wordpress\/plugins\/seo\/ -->\n<title>Cart\u00e3o corporativo no agroneg\u00f3cio: gest\u00e3o de despesas no campo<\/title>\n<meta name=\"description\" content=\"Veja como usar cart\u00e3o corporativo no agroneg\u00f3cio para controlar gastos no campo, evitar uso de \u201ccaixinha\u201d e padronizar a presta\u00e7\u00e3o de contas com auditoria.\" \/>\n<meta name=\"robots\" content=\"index, follow, max-snippet:-1, max-image-preview:large, max-video-preview:-1\" \/>\n<link rel=\"canonical\" href=\"https:\/\/vexpenses.com.br\/blog\/cartao-corporativo-no-agronegocio\/\" \/>\n<meta property=\"og:locale\" content=\"pt_BR\" \/>\n<meta property=\"og:type\" content=\"article\" \/>\n<meta property=\"og:title\" content=\"Cart\u00e3o corporativo no agroneg\u00f3cio: gest\u00e3o de despesas no campo\" \/>\n<meta property=\"og:description\" content=\"Veja como usar cart\u00e3o corporativo no agroneg\u00f3cio para controlar gastos no campo, evitar uso de \u201ccaixinha\u201d e padronizar a presta\u00e7\u00e3o de contas com auditoria.\" \/>\n<meta property=\"og:url\" content=\"https:\/\/vexpenses.com.br\/blog\/cartao-corporativo-no-agronegocio\/\" \/>\n<meta property=\"og:site_name\" content=\"Blog\" \/>\n<meta property=\"article:published_time\" content=\"2026-02-20T14:30:47+00:00\" \/>\n<meta property=\"article:modified_time\" content=\"2026-03-19T16:00:15+00:00\" \/>\n<meta property=\"og:image\" content=\"https:\/\/vexpenses.com.br\/blog\/wp-content\/uploads\/2026\/02\/cartao-agronegocio.webp\" \/>\n\t<meta property=\"og:image:width\" content=\"1551\" \/>\n\t<meta property=\"og:image:height\" content=\"618\" \/>\n\t<meta property=\"og:image:type\" content=\"image\/webp\" \/>\n<meta name=\"author\" content=\"Tarina Lemmi\" \/>\n<meta name=\"twitter:card\" content=\"summary_large_image\" \/>\n<meta name=\"twitter:label1\" content=\"Escrito por\" \/>\n\t<meta name=\"twitter:data1\" content=\"Tarina Lemmi\" \/>\n\t<meta name=\"twitter:label2\" content=\"Est. tempo de leitura\" \/>\n\t<meta name=\"twitter:data2\" content=\"17 minutos\" \/>\n<script type=\"application\/ld+json\" class=\"yoast-schema-graph\">{\"@context\":\"https:\/\/schema.org\",\"@graph\":[{\"@type\":\"Article\",\"@id\":\"https:\/\/vexpenses.com.br\/blog\/cartao-corporativo-no-agronegocio\/#article\",\"isPartOf\":{\"@id\":\"https:\/\/vexpenses.com.br\/blog\/cartao-corporativo-no-agronegocio\/\"},\"author\":{\"name\":\"Tarina Lemmi\",\"@id\":\"https:\/\/vexpenses.com.br\/blog\/#\/schema\/person\/a7baf099b833ab9328dfaf077072343a\"},\"headline\":\"Cart\u00e3o corporativo no agroneg\u00f3cio: como gerir despesas no campo\",\"datePublished\":\"2026-02-20T14:30:47+00:00\",\"dateModified\":\"2026-03-19T16:00:15+00:00\",\"mainEntityOfPage\":{\"@id\":\"https:\/\/vexpenses.com.br\/blog\/cartao-corporativo-no-agronegocio\/\"},\"wordCount\":3156,\"commentCount\":0,\"publisher\":{\"@id\":\"https:\/\/vexpenses.com.br\/blog\/#organization\"},\"image\":{\"@id\":\"https:\/\/vexpenses.com.br\/blog\/cartao-corporativo-no-agronegocio\/#primaryimage\"},\"thumbnailUrl\":\"https:\/\/vexpenses.com.br\/blog\/wp-content\/uploads\/2026\/02\/cartao-agronegocio.webp\",\"keywords\":[\"cart\u00e3o corporativo\",\"gest\u00e3o financeira\",\"presta\u00e7\u00e3o de contas\"],\"articleSection\":[\"Cart\u00f5es Corporativos\"],\"inLanguage\":\"pt-BR\",\"potentialAction\":[{\"@type\":\"CommentAction\",\"name\":\"Comment\",\"target\":[\"https:\/\/vexpenses.com.br\/blog\/cartao-corporativo-no-agronegocio\/#respond\"]}]},{\"@type\":\"WebPage\",\"@id\":\"https:\/\/vexpenses.com.br\/blog\/cartao-corporativo-no-agronegocio\/\",\"url\":\"https:\/\/vexpenses.com.br\/blog\/cartao-corporativo-no-agronegocio\/\",\"name\":\"Cart\u00e3o corporativo no agroneg\u00f3cio: gest\u00e3o de despesas no campo\",\"isPartOf\":{\"@id\":\"https:\/\/vexpenses.com.br\/blog\/#website\"},\"primaryImageOfPage\":{\"@id\":\"https:\/\/vexpenses.com.br\/blog\/cartao-corporativo-no-agronegocio\/#primaryimage\"},\"image\":{\"@id\":\"https:\/\/vexpenses.com.br\/blog\/cartao-corporativo-no-agronegocio\/#primaryimage\"},\"thumbnailUrl\":\"https:\/\/vexpenses.com.br\/blog\/wp-content\/uploads\/2026\/02\/cartao-agronegocio.webp\",\"datePublished\":\"2026-02-20T14:30:47+00:00\",\"dateModified\":\"2026-03-19T16:00:15+00:00\",\"description\":\"Veja como usar cart\u00e3o corporativo no agroneg\u00f3cio para controlar gastos no campo, evitar uso de \u201ccaixinha\u201d e padronizar a presta\u00e7\u00e3o de contas com auditoria.\",\"breadcrumb\":{\"@id\":\"https:\/\/vexpenses.com.br\/blog\/cartao-corporativo-no-agronegocio\/#breadcrumb\"},\"inLanguage\":\"pt-BR\",\"potentialAction\":[{\"@type\":\"ReadAction\",\"target\":[\"https:\/\/vexpenses.com.br\/blog\/cartao-corporativo-no-agronegocio\/\"]}]},{\"@type\":\"ImageObject\",\"inLanguage\":\"pt-BR\",\"@id\":\"https:\/\/vexpenses.com.br\/blog\/cartao-corporativo-no-agronegocio\/#primaryimage\",\"url\":\"https:\/\/vexpenses.com.br\/blog\/wp-content\/uploads\/2026\/02\/cartao-agronegocio.webp\",\"contentUrl\":\"https:\/\/vexpenses.com.br\/blog\/wp-content\/uploads\/2026\/02\/cartao-agronegocio.webp\",\"width\":1551,\"height\":618},{\"@type\":\"BreadcrumbList\",\"@id\":\"https:\/\/vexpenses.com.br\/blog\/cartao-corporativo-no-agronegocio\/#breadcrumb\",\"itemListElement\":[{\"@type\":\"ListItem\",\"position\":1,\"name\":\"In\u00edcio\",\"item\":\"https:\/\/vexpenses.com.br\/blog\/\"},{\"@type\":\"ListItem\",\"position\":2,\"name\":\"Cart\u00e3o corporativo no agroneg\u00f3cio: como gerir despesas no campo\"}]},{\"@type\":\"WebSite\",\"@id\":\"https:\/\/vexpenses.com.br\/blog\/#website\",\"url\":\"https:\/\/vexpenses.com.br\/blog\/\",\"name\":\"Blog\",\"description\":\"Blog VExpenses\",\"publisher\":{\"@id\":\"https:\/\/vexpenses.com.br\/blog\/#organization\"},\"potentialAction\":[{\"@type\":\"SearchAction\",\"target\":{\"@type\":\"EntryPoint\",\"urlTemplate\":\"https:\/\/vexpenses.com.br\/blog\/?s={search_term_string}\"},\"query-input\":\"required name=search_term_string\"}],\"inLanguage\":\"pt-BR\"},{\"@type\":\"Organization\",\"@id\":\"https:\/\/vexpenses.com.br\/blog\/#organization\",\"name\":\"Blog\",\"url\":\"https:\/\/vexpenses.com.br\/blog\/\",\"logo\":{\"@type\":\"ImageObject\",\"inLanguage\":\"pt-BR\",\"@id\":\"https:\/\/vexpenses.com.br\/blog\/#\/schema\/logo\/image\/\",\"url\":\"https:\/\/vexpenses.com.br\/blog\/wp-content\/uploads\/2025\/08\/logo-vr-alt.png\",\"contentUrl\":\"https:\/\/vexpenses.com.br\/blog\/wp-content\/uploads\/2025\/08\/logo-vr-alt.png\",\"width\":709,\"height\":230,\"caption\":\"Blog\"},\"image\":{\"@id\":\"https:\/\/vexpenses.com.br\/blog\/#\/schema\/logo\/image\/\"}},{\"@type\":\"Person\",\"@id\":\"https:\/\/vexpenses.com.br\/blog\/#\/schema\/person\/a7baf099b833ab9328dfaf077072343a\",\"name\":\"Tarina Lemmi\",\"image\":{\"@type\":\"ImageObject\",\"inLanguage\":\"pt-BR\",\"@id\":\"https:\/\/vexpenses.com.br\/blog\/#\/schema\/person\/image\/\",\"url\":\"https:\/\/vexpenses.com.br\/blog\/wp-content\/uploads\/2024\/12\/avatar_user_28_1733491821-96x96.jpg\",\"contentUrl\":\"https:\/\/vexpenses.com.br\/blog\/wp-content\/uploads\/2024\/12\/avatar_user_28_1733491821-96x96.jpg\",\"caption\":\"Tarina Lemmi\"},\"description\":\"Sou formada em Matem\u00e1tica Aplicada a Neg\u00f3cios pela USP e trabalho h\u00e1 alguns anos criando an\u00e1lises e conte\u00fados especializados em finan\u00e7as corporativas, gest\u00e3o de despesas e efici\u00eancia financeira. Escrevo para o blog da VExpenses com o intuito de traduzir temas complexos em orienta\u00e7\u00f5es pr\u00e1ticas para o setor.\",\"url\":\"https:\/\/vexpenses.com.br\/blog\/author\/tarinalemmi\/\"}]}<\/script>\n<!-- \/ Yoast SEO plugin. -->","yoast_head_json":{"title":"Cart\u00e3o corporativo no agroneg\u00f3cio: gest\u00e3o de despesas no campo","description":"Veja como usar cart\u00e3o corporativo no agroneg\u00f3cio para controlar gastos no campo, evitar uso de \u201ccaixinha\u201d e padronizar a presta\u00e7\u00e3o de contas com auditoria.","robots":{"index":"index","follow":"follow","max-snippet":"max-snippet:-1","max-image-preview":"max-image-preview:large","max-video-preview":"max-video-preview:-1"},"canonical":"https:\/\/vexpenses.com.br\/blog\/cartao-corporativo-no-agronegocio\/","og_locale":"pt_BR","og_type":"article","og_title":"Cart\u00e3o corporativo no agroneg\u00f3cio: gest\u00e3o de despesas no campo","og_description":"Veja como usar cart\u00e3o corporativo no agroneg\u00f3cio para controlar gastos no campo, evitar uso de \u201ccaixinha\u201d e padronizar a presta\u00e7\u00e3o de contas com auditoria.","og_url":"https:\/\/vexpenses.com.br\/blog\/cartao-corporativo-no-agronegocio\/","og_site_name":"Blog","article_published_time":"2026-02-20T14:30:47+00:00","article_modified_time":"2026-03-19T16:00:15+00:00","og_image":[{"width":1551,"height":618,"url":"https:\/\/vexpenses.com.br\/blog\/wp-content\/uploads\/2026\/02\/cartao-agronegocio.webp","type":"image\/webp"}],"author":"Tarina Lemmi","twitter_card":"summary_large_image","twitter_misc":{"Escrito por":"Tarina Lemmi","Est. tempo de leitura":"17 minutos"},"schema":{"@context":"https:\/\/schema.org","@graph":[{"@type":"Article","@id":"https:\/\/vexpenses.com.br\/blog\/cartao-corporativo-no-agronegocio\/#article","isPartOf":{"@id":"https:\/\/vexpenses.com.br\/blog\/cartao-corporativo-no-agronegocio\/"},"author":{"name":"Tarina Lemmi","@id":"https:\/\/vexpenses.com.br\/blog\/#\/schema\/person\/a7baf099b833ab9328dfaf077072343a"},"headline":"Cart\u00e3o corporativo no agroneg\u00f3cio: como gerir despesas no campo","datePublished":"2026-02-20T14:30:47+00:00","dateModified":"2026-03-19T16:00:15+00:00","mainEntityOfPage":{"@id":"https:\/\/vexpenses.com.br\/blog\/cartao-corporativo-no-agronegocio\/"},"wordCount":3156,"commentCount":0,"publisher":{"@id":"https:\/\/vexpenses.com.br\/blog\/#organization"},"image":{"@id":"https:\/\/vexpenses.com.br\/blog\/cartao-corporativo-no-agronegocio\/#primaryimage"},"thumbnailUrl":"https:\/\/vexpenses.com.br\/blog\/wp-content\/uploads\/2026\/02\/cartao-agronegocio.webp","keywords":["cart\u00e3o corporativo","gest\u00e3o financeira","presta\u00e7\u00e3o de contas"],"articleSection":["Cart\u00f5es Corporativos"],"inLanguage":"pt-BR","potentialAction":[{"@type":"CommentAction","name":"Comment","target":["https:\/\/vexpenses.com.br\/blog\/cartao-corporativo-no-agronegocio\/#respond"]}]},{"@type":"WebPage","@id":"https:\/\/vexpenses.com.br\/blog\/cartao-corporativo-no-agronegocio\/","url":"https:\/\/vexpenses.com.br\/blog\/cartao-corporativo-no-agronegocio\/","name":"Cart\u00e3o corporativo no agroneg\u00f3cio: gest\u00e3o de despesas no campo","isPartOf":{"@id":"https:\/\/vexpenses.com.br\/blog\/#website"},"primaryImageOfPage":{"@id":"https:\/\/vexpenses.com.br\/blog\/cartao-corporativo-no-agronegocio\/#primaryimage"},"image":{"@id":"https:\/\/vexpenses.com.br\/blog\/cartao-corporativo-no-agronegocio\/#primaryimage"},"thumbnailUrl":"https:\/\/vexpenses.com.br\/blog\/wp-content\/uploads\/2026\/02\/cartao-agronegocio.webp","datePublished":"2026-02-20T14:30:47+00:00","dateModified":"2026-03-19T16:00:15+00:00","description":"Veja como usar cart\u00e3o corporativo no agroneg\u00f3cio para controlar gastos no campo, evitar uso de \u201ccaixinha\u201d e padronizar a presta\u00e7\u00e3o de contas com auditoria.","breadcrumb":{"@id":"https:\/\/vexpenses.com.br\/blog\/cartao-corporativo-no-agronegocio\/#breadcrumb"},"inLanguage":"pt-BR","potentialAction":[{"@type":"ReadAction","target":["https:\/\/vexpenses.com.br\/blog\/cartao-corporativo-no-agronegocio\/"]}]},{"@type":"ImageObject","inLanguage":"pt-BR","@id":"https:\/\/vexpenses.com.br\/blog\/cartao-corporativo-no-agronegocio\/#primaryimage","url":"https:\/\/vexpenses.com.br\/blog\/wp-content\/uploads\/2026\/02\/cartao-agronegocio.webp","contentUrl":"https:\/\/vexpenses.com.br\/blog\/wp-content\/uploads\/2026\/02\/cartao-agronegocio.webp","width":1551,"height":618},{"@type":"BreadcrumbList","@id":"https:\/\/vexpenses.com.br\/blog\/cartao-corporativo-no-agronegocio\/#breadcrumb","itemListElement":[{"@type":"ListItem","position":1,"name":"In\u00edcio","item":"https:\/\/vexpenses.com.br\/blog\/"},{"@type":"ListItem","position":2,"name":"Cart\u00e3o corporativo no agroneg\u00f3cio: como gerir despesas no campo"}]},{"@type":"WebSite","@id":"https:\/\/vexpenses.com.br\/blog\/#website","url":"https:\/\/vexpenses.com.br\/blog\/","name":"Blog","description":"Blog VExpenses","publisher":{"@id":"https:\/\/vexpenses.com.br\/blog\/#organization"},"potentialAction":[{"@type":"SearchAction","target":{"@type":"EntryPoint","urlTemplate":"https:\/\/vexpenses.com.br\/blog\/?s={search_term_string}"},"query-input":"required name=search_term_string"}],"inLanguage":"pt-BR"},{"@type":"Organization","@id":"https:\/\/vexpenses.com.br\/blog\/#organization","name":"Blog","url":"https:\/\/vexpenses.com.br\/blog\/","logo":{"@type":"ImageObject","inLanguage":"pt-BR","@id":"https:\/\/vexpenses.com.br\/blog\/#\/schema\/logo\/image\/","url":"https:\/\/vexpenses.com.br\/blog\/wp-content\/uploads\/2025\/08\/logo-vr-alt.png","contentUrl":"https:\/\/vexpenses.com.br\/blog\/wp-content\/uploads\/2025\/08\/logo-vr-alt.png","width":709,"height":230,"caption":"Blog"},"image":{"@id":"https:\/\/vexpenses.com.br\/blog\/#\/schema\/logo\/image\/"}},{"@type":"Person","@id":"https:\/\/vexpenses.com.br\/blog\/#\/schema\/person\/a7baf099b833ab9328dfaf077072343a","name":"Tarina Lemmi","image":{"@type":"ImageObject","inLanguage":"pt-BR","@id":"https:\/\/vexpenses.com.br\/blog\/#\/schema\/person\/image\/","url":"https:\/\/vexpenses.com.br\/blog\/wp-content\/uploads\/2024\/12\/avatar_user_28_1733491821-96x96.jpg","contentUrl":"https:\/\/vexpenses.com.br\/blog\/wp-content\/uploads\/2024\/12\/avatar_user_28_1733491821-96x96.jpg","caption":"Tarina Lemmi"},"description":"Sou formada em Matem\u00e1tica Aplicada a Neg\u00f3cios pela USP e trabalho h\u00e1 alguns anos criando an\u00e1lises e conte\u00fados especializados em finan\u00e7as corporativas, gest\u00e3o de despesas e efici\u00eancia financeira. Escrevo para o blog da VExpenses com o intuito de traduzir temas complexos em orienta\u00e7\u00f5es pr\u00e1ticas para o setor.","url":"https:\/\/vexpenses.com.br\/blog\/author\/tarinalemmi\/"}]}},"acf":[],"_links":{"self":[{"href":"https:\/\/vexpenses.com.br\/blog\/wp-json\/wp\/v2\/posts\/43402","targetHints":{"allow":["GET"]}}],"collection":[{"href":"https:\/\/vexpenses.com.br\/blog\/wp-json\/wp\/v2\/posts"}],"about":[{"href":"https:\/\/vexpenses.com.br\/blog\/wp-json\/wp\/v2\/types\/post"}],"author":[{"embeddable":true,"href":"https:\/\/vexpenses.com.br\/blog\/wp-json\/wp\/v2\/users\/28"}],"replies":[{"embeddable":true,"href":"https:\/\/vexpenses.com.br\/blog\/wp-json\/wp\/v2\/comments?post=43402"}],"version-history":[{"count":8,"href":"https:\/\/vexpenses.com.br\/blog\/wp-json\/wp\/v2\/posts\/43402\/revisions"}],"predecessor-version":[{"id":43784,"href":"https:\/\/vexpenses.com.br\/blog\/wp-json\/wp\/v2\/posts\/43402\/revisions\/43784"}],"wp:featuredmedia":[{"embeddable":true,"href":"https:\/\/vexpenses.com.br\/blog\/wp-json\/wp\/v2\/media\/43404"}],"wp:attachment":[{"href":"https:\/\/vexpenses.com.br\/blog\/wp-json\/wp\/v2\/media?parent=43402"}],"wp:term":[{"taxonomy":"category","embeddable":true,"href":"https:\/\/vexpenses.com.br\/blog\/wp-json\/wp\/v2\/categories?post=43402"},{"taxonomy":"post_tag","embeddable":true,"href":"https:\/\/vexpenses.com.br\/blog\/wp-json\/wp\/v2\/tags?post=43402"},{"taxonomy":"funil","embeddable":true,"href":"https:\/\/vexpenses.com.br\/blog\/wp-json\/wp\/v2\/funil?post=43402"},{"taxonomy":"jornada","embeddable":true,"href":"https:\/\/vexpenses.com.br\/blog\/wp-json\/wp\/v2\/jornada?post=43402"},{"taxonomy":"persona","embeddable":true,"href":"https:\/\/vexpenses.com.br\/blog\/wp-json\/wp\/v2\/persona?post=43402"},{"taxonomy":"objetivo","embeddable":true,"href":"https:\/\/vexpenses.com.br\/blog\/wp-json\/wp\/v2\/objetivo?post=43402"},{"taxonomy":"assunto","embeddable":true,"href":"https:\/\/vexpenses.com.br\/blog\/wp-json\/wp\/v2\/assunto?post=43402"}],"curies":[{"name":"wp","href":"https:\/\/api.w.org\/{rel}","templated":true}]}}