{"id":45408,"date":"2026-09-02T14:44:19","date_gmt":"2026-09-02T17:44:19","guid":{"rendered":"https:\/\/vexpenses.com.br\/blog\/?p=45408"},"modified":"2026-09-02T14:47:34","modified_gmt":"2026-09-02T17:47:34","slug":"rateio-de-despesas-centro-custo","status":"publish","type":"post","link":"https:\/\/vexpenses.com.br\/blog\/rateio-de-despesas-centro-custo\/","title":{"rendered":"Rateio de despesas por centro de custo: como parar de classificar tudo no fim do m\u00eas"},"content":{"rendered":"\n<p class=\"wp-block-paragraph\"><strong><em>O rateio de despesas por centro de custo consiste na atribui\u00e7\u00e3o direta de cada gasto \u00e0 unidade ou projeto de origem, garantindo controle financeiro em tempo real e eliminando reconstru\u00e7\u00f5es manuais no fechamento cont\u00e1bil.<\/em><\/strong><\/p>\n\n\n\n<p class=\"wp-block-paragraph\">O rateio de despesas por centro de custo costuma come\u00e7ar com uma cena cl\u00e1ssica na mesa do financeiro ao fim do m\u00eas: algu\u00e9m segura um cupom fiscal e tenta descobrir se aquele material foi comprado para a obra do interior ou para a manuten\u00e7\u00e3o da matriz. A data e o fornecedor trazem pistas, mas n\u00e3o revelam quem solicitou a compra nem qual opera\u00e7\u00e3o consumiu aquele recurso.<\/p>\n\n\n\n<p class=\"wp-block-paragraph\">A resposta exata existia no instante em que a transa\u00e7\u00e3o aconteceu, mas, como o destino n\u00e3o foi registrado no ato do pagamento, o fechamento cont\u00e1bil acaba se transformando em um exerc\u00edcio de adivinha\u00e7\u00e3o e reconstru\u00e7\u00e3o hist\u00f3rica.<\/p>\n\n\n\n<p class=\"wp-block-paragraph\">Para lidar com essa situa\u00e7\u00e3o, este artigo mostra como voc\u00ea pode estruturar o processo para a despesa j\u00e1 nascer com dono, projeto ou obra definidos desde a origem.<\/p>\n\n\n\n<p class=\"wp-block-paragraph\">Aproveite a leitura!<\/p>\n\n\n\n<h2 class=\"wp-block-heading\">Para levar em conta<\/h2>\n\n\n\n<ul class=\"wp-block-list\">\n<li><em>A distribui\u00e7\u00e3o de despesas por centro de custo organiza os gastos corporativos por filial, projeto ou obra e viabiliza a apura\u00e7\u00e3o precisa da rentabilidade de cada frente de neg\u00f3cio.<\/em><\/li>\n\n\n\n<li><em>Registrar o centro de custo no momento exato do pagamento elimina a necessidade de dedu\u00e7\u00f5es manuais e impede a cria\u00e7\u00e3o de comprovantes sem identifica\u00e7\u00e3o no fechamento cont\u00e1bil.<\/em><\/li>\n\n\n\n<li><em>A defini\u00e7\u00e3o estrat\u00e9gica dos recortes or\u00e7ament\u00e1rios deve acompanhar o modelo de gest\u00e3o da empresa e permitir a cria\u00e7\u00e3o ou encerramento \u00e1gil de centros vinculados a contratos tempor\u00e1rios.<\/em><\/li>\n\n\n\n<li><em>O uso de aplicativos corporativos com regras automatizadas padroniza os lan\u00e7amentos das equipes e viabiliza o rateio proporcional de comprovantes fiscais compartilhados entre m\u00faltiplos departamentos.<\/em><\/li>\n\n\n\n<li><em>A integra\u00e7\u00e3o direta entre a plataforma de despesas e o sistema cont\u00e1bil automatiza o envio do plano de contas e acelera a concilia\u00e7\u00e3o financeira sem redigita\u00e7\u00e3o de dados.<\/em><\/li>\n<\/ul>\n\n\n\n<h2 class=\"wp-block-heading\">O que \u00e9 rateio de despesas por centro de custo?<\/h2>\n\n\n\n<p class=\"wp-block-paragraph\">O <strong>rateio de despesas por centro de custo<\/strong> \u00e9 o processo de atribuir cada gasto ao recorte operacional que o consumiu \u2014 seja um projeto, uma obra, um cliente espec\u00edfico ou uma unidade de neg\u00f3cio. Mais do que uma formalidade cont\u00e1bil, essa pr\u00e1tica permite apurar a rentabilidade real de cada frente de trabalho, em vez de analisar apenas o custo total consolidado da empresa.<\/p>\n\n\n\n<p class=\"wp-block-paragraph\">Na <a href=\"https:\/\/vexpenses.com.br\/blog\/gestao-de-despesas-corporativas\/?utm_campaign=linkinterno&amp;utm_content=rateio-de-despesas-por-centro-de-custo\">gest\u00e3o financeira<\/a> di\u00e1ria, essa distribui\u00e7\u00e3o segue dois caminhos principais:<\/p>\n\n\n\n<ul class=\"wp-block-list\">\n<li><strong>atribui\u00e7\u00e3o direta:<\/strong> a despesa pertence a um \u00fanico centro de custo. \u00c9 o formato mais frequente na rotina corporativa e onde se concentra o maior volume de trabalho manual quando a classifica\u00e7\u00e3o n\u00e3o \u00e9 automatizada;<\/li>\n\n\n\n<li><strong>divis\u00e3o proporcional:<\/strong> o gasto beneficia m\u00faltiplos departamentos simultaneamente e precisa ser repartido com base em um crit\u00e9rio de rateio previamente acordado.<\/li>\n<\/ul>\n\n\n\n<p class=\"wp-block-paragraph\">Para que essa engrenagem funcione com precis\u00e3o, no entanto, \u00e9 fundamental evitar uma armadilha comum na <a href=\"https:\/\/vexpenses.com.br\/blog\/classificacao-de-despesas-reembolsos-corporativos\/?utm_campaign=linkinterno&amp;utm_content=rateio-de-despesas-por-centro-de-custo\"><strong>classifica\u00e7\u00e3o de despesas<\/strong><\/a>: confundir a estrutura da empresa com a natureza do gasto.&nbsp;<\/p>\n\n\n\n<p class=\"wp-block-paragraph\">Na pr\u00e1tica, cada lan\u00e7amento depende de tr\u00eas dimens\u00f5es distintas:<\/p>\n\n\n\n<ul class=\"wp-block-list\">\n<li><strong>centro de custo:<\/strong> representa a unidade estrutural da organiza\u00e7\u00e3o (como filial, loja, departamento ou diretoria);<\/li>\n\n\n\n<li><strong>projeto ou obra:<\/strong> identifica a entrega tempor\u00e1ria, a frente de servi\u00e7o, o canteiro ou o contrato espec\u00edfico com um cliente;<\/li>\n\n\n\n<li><strong>item cont\u00e1bil:<\/strong> define a natureza econ\u00f4mica do gasto no plano de contas (como alimenta\u00e7\u00e3o, combust\u00edvel ou insumos operacionais).<\/li>\n<\/ul>\n\n\n\n<p class=\"wp-block-paragraph\">Quando a empresa estabelece essa distin\u00e7\u00e3o, o rateio deixa de ser uma tarefa cont\u00e1bil tardia e passa a funcionar como um atributo registrado no momento exato do consumo.<\/p>\n\n\n\n<h2 class=\"wp-block-heading\">Por que a classifica\u00e7\u00e3o por centro de custo sempre sobra para o fechamento?<\/h2>\n\n\n\n<p class=\"wp-block-paragraph\"><strong>Quando o rateio n\u00e3o ocorre em tempo real, o resultado inevit\u00e1vel \u00e9 o ac\u00famulo de despesas \u00f3rf\u00e3s<\/strong>. \u00c9 o caso de comprovantes fiscais que chegam ao fechamento cont\u00e1bil sem qualquer indica\u00e7\u00e3o de quem os originou ou qual centro de custo deve absorv\u00ea-los.<\/p>\n\n\n\n<p class=\"wp-block-paragraph\">A pergunta <em>&#8220;de quem \u00e9 esse gasto?&#8221;<\/em> s\u00f3 tem resposta r\u00e1pida e precisa no momento em que a compra \u00e9 realizada. Quem est\u00e1 em campo sabe exatamente qual projeto, cliente ou munic\u00edpio demandou aquele pagamento. Semanas depois, quando o lote de notas chega \u00e0 mesa do analista financeiro, a tarefa deixa de ser classificar e passa a ser investigar: cruzam-se valores, datas e fornecedores na tentativa de deduzir o contexto original.<\/p>\n\n\n\n<p class=\"wp-block-paragraph\">A diferen\u00e7a entre classificar na origem e reconstruir no fechamento n\u00e3o \u00e9 de compet\u00eancia ou esfor\u00e7o da equipe, mas de disponibilidade da informa\u00e7\u00e3o. <strong>Quando essa reconstru\u00e7\u00e3o tardia se torna o padr\u00e3o, a empresa acumula preju\u00edzos silenciosos<\/strong> em toda a gest\u00e3o, como:<\/p>\n\n\n\n<ul class=\"wp-block-list\">\n<li>o custo por obra ou projeto s\u00f3 \u00e9 consolidado semanas ap\u00f3s a conclus\u00e3o das etapas, impedindo corre\u00e7\u00f5es de rota durante a execu\u00e7\u00e3o;<\/li>\n\n\n\n<li>a margem por projeto e o custo por cliente passam a ser calculados sobre estimativas fr\u00e1geis e imprecisas;<\/li>\n\n\n\n<li>os gestores perdem a visibilidade em tempo real sobre o consumo do <a href=\"https:\/\/vexpenses.com.br\/blog\/bdi\/?utm_campaign=linkinterno&amp;utm_content=rateio-de-despesas-por-centro-de-custo\">or\u00e7amento<\/a> departamental;<\/li>\n\n\n\n<li>o setor financeiro vira um gargalo operacional, sobrecarregado por decis\u00f5es de aloca\u00e7\u00e3o de custos que deveriam ter sido resolvidas na ponta.<\/li>\n<\/ul>\n\n\n\n<p class=\"wp-block-paragraph\"><strong><em>[Diagn\u00f3stico interativo]<\/em><\/strong> <em>Acesse o<\/em> <a href=\"https:\/\/vexpenses.com.br\/diagnostico-de-maturidade?utm_source=blog&amp;utm_medium=organic&amp;utm_campaign=ancora&amp;utm_content=rateio-de-despesas-por-centro-de-custo\" target=\"_blank\" rel=\"noreferrer noopener\"><strong><em>Diagn\u00f3stico de Maturidade da Gest\u00e3o de Despesas Corporativas<\/em><\/strong><\/a> <em>para avaliar o n\u00edvel de controle da sua empresa e identificar gargalos que atrasam o fechamento cont\u00e1bil.<\/em><\/p>\n\n\n\n<h2 class=\"wp-block-heading\">Rateio manual: planilha, cupom e mem\u00f3ria<\/h2>\n\n\n\n<p class=\"wp-block-paragraph\">Centralizar a classifica\u00e7\u00e3o de gastos em uma planilha de rateio cria um processo altamente dependente de mem\u00f3ria humana e digita\u00e7\u00e3o manual. Como o preenchimento ocorre dias ap\u00f3s as compras \u2014 e quase sempre por profissionais que n\u00e3o participaram da opera\u00e7\u00e3o em campo \u2014, <strong>qualquer ajuste exige confer\u00eancias paralelas e retrabalho constante<\/strong> para atualizar a planilha e o sistema de gest\u00e3o.<\/p>\n\n\n\n<p class=\"wp-block-paragraph\">O maior perigo dessa rotina \u00e9 o fato de ela ser silenciosa. Um lan\u00e7amento classificado incorretamente n\u00e3o trava o fechamento mensal, o pagamento da folha nem a apura\u00e7\u00e3o dos <a href=\"https:\/\/vexpenses.com.br\/blog\/reforma-tributaria-e-vexpenses\/?utm_campaign=linkinterno&amp;utm_content=rateio-de-despesas-por-centro-de-custo\">impostos<\/a>. O erro passa despercebido na rotina di\u00e1ria e s\u00f3 se revela meses depois, quando a diretoria analisa a rentabilidade real de um contrato e encontra n\u00fameros distorcidos.<\/p>\n\n\n\n<p class=\"wp-block-paragraph\">Esse desgaste tem impacto direto na produtividade. Segundo levantamento da consultoria Potencialize Resultados publicado pelo <a href=\"https:\/\/www.contabeis.com.br\/noticias\/72239\/retrabalho-contabil-afeta-produtividade-em-ate-25\/\">Portal Cont\u00e1beis<\/a>, <strong>o retrabalho consome at\u00e9 25% do tempo \u00fatil das rotinas cont\u00e1beis e financeiras<\/strong>, sendo que 73% dessas tarefas refeitas poderiam ser evitadas simplesmente com processos padronizados e controles na origem.<\/p>\n\n\n\n<h3 class=\"wp-block-heading\">Quando o rateio de mem\u00f3ria vira decis\u00e3o errada<\/h3>\n\n\n\n<p class=\"wp-block-paragraph\"><strong>Decis\u00f5es estrat\u00e9gicas de precifica\u00e7\u00e3o, expans\u00e3o e novos investimentos dependem de demonstrativos financeiros audit\u00e1veis<\/strong>. Quando a apura\u00e7\u00e3o de despesas se apoia em dedu\u00e7\u00f5es, o relat\u00f3rio gerencial pode at\u00e9 apresentar equil\u00edbrio matem\u00e1tico, mas deixa de refletir a realidade operacional da empresa.<\/p>\n\n\n\n<p class=\"wp-block-paragraph\">Se uma despesa \u00e9 lan\u00e7ada no projeto errado por falta de hist\u00f3rico, a lideran\u00e7a pode concluir, equivocadamente, que determinado contrato operou no preju\u00edzo. Como consequ\u00eancia, a empresa corre o risco de recusar novas propostas com bons clientes ou deixar de embutir <a href=\"https:\/\/vexpenses.com.br\/blog\/custos-invisiveis\/?utm_campaign=linkinterno&amp;utm_content=rateio-de-despesas-por-centro-de-custo\">custos<\/a> na precifica\u00e7\u00e3o de servi\u00e7os futuros.<\/p>\n\n\n\n<p class=\"wp-block-paragraph\">Na pr\u00e1tica, a distor\u00e7\u00e3o nos n\u00fameros n\u00e3o decorre da capacidade t\u00e9cnica dos analistas, mas do m\u00e9todo de coleta e registro das informa\u00e7\u00f5es.<\/p>\n\n\n\n<p class=\"wp-block-paragraph\"><strong><em>[Planilha de controle]<\/em><\/strong> <em>Enfrentando dificuldades para rastrear despesas e conciliar comprovantes? Baixe a<\/em> <a href=\"https:\/\/materiais.vexpenses.com\/planilha-de-controle-de-gastos-com-cartao-corporativo\/?utm_source=blog&amp;utm_medium=organic&amp;utm_campaign=ancora&amp;utm_content=rateio-de-despesas-por-centro-de-custo\" target=\"_blank\" rel=\"noreferrer noopener\"><strong><em>Planilha de Controle de Gastos com Cart\u00e3o Corporativo<\/em><\/strong><\/a> <em>e organize os lan\u00e7amentos das equipes com total clareza.<\/em><\/p>\n\n\n\n<h2 class=\"wp-block-heading\">Centro de custo, projeto, obra, cliente ou unidade: como escolher o recorte<\/h2>\n\n\n\n<p class=\"wp-block-paragraph\">Para que o time financeiro n\u00e3o precise adivinhar destinos no fechamento, a empresa precisa <strong>estruturar seus centros de custo refletindo a forma como o neg\u00f3cio \u00e9 gerido e cobrado<\/strong>.<\/p>\n\n\n\n<p class=\"wp-block-paragraph\">O centro de custo ideal representa o n\u00edvel em que a diretoria precisa prestar contas ou analisar os resultados da opera\u00e7\u00e3o. A pergunta essencial que guia esse desenho \u00e9 simples: qual recorte financeiro os l\u00edderes de \u00e1rea precisar\u00e3o defender em uma reuni\u00e3o de resultados?<\/p>\n\n\n\n<p class=\"wp-block-paragraph\">A estrutura pode ser desenhada de acordo com as particularidades de cada modelo de neg\u00f3cio:<\/p>\n\n\n\n<ul class=\"wp-block-list\">\n<li><strong>unidades f\u00edsicas:<\/strong> ideal para <a href=\"https:\/\/vexpenses.com.br\/blog\/gestao-de-despesas-no-varejo\/?utm_campaign=linkinterno&amp;utm_content=rateio-de-despesas-por-centro-de-custo\">redes com lojas<\/a>, filiais ou escrit\u00f3rios regionais que apuram a despesa por unidade;<\/li>\n\n\n\n<li><strong>projetos e contratos:<\/strong> indicado para consultorias, ag\u00eancias e prestadores de servi\u00e7os que gerenciam o rateio por projeto;<\/li>\n\n\n\n<li><a href=\"https:\/\/vexpenses.com.br\/blog\/cartao-corporativo-construcao-civil\/?utm_campaign=linkinterno&amp;utm_content=rateio-de-despesas-por-centro-de-custo\"><strong>obras<\/strong><\/a> <strong>e frentes de servi\u00e7o:<\/strong> essencial para empresas de engenharia, infraestrutura e montagem industrial que acompanham canteiros em diferentes localidades;<\/li>\n\n\n\n<li><strong>clientes ou contas dedicadas:<\/strong> recomendado para opera\u00e7\u00f5es com equipes alocadas que precisam auditar despesas reembols\u00e1veis por contrato.<\/li>\n<\/ul>\n\n\n\n<p class=\"wp-block-paragraph\">Na plataforma VExpenses, esses recortes podem ser criados, associados e encerrados de forma din\u00e2mica. Quando uma obra termina ou um projeto \u00e9 entregue, o centro correspondente pode ser inativado na hora, impedindo que novos lan\u00e7amentos sejam direcionados indevidamente \u00e0quele centro de custo.<\/p>\n\n\n\n<p class=\"wp-block-paragraph\"><strong><em>[E-book exclusivo]<\/em><\/strong> <em>Conhe\u00e7a as melhores pr\u00e1ticas de governan\u00e7a e aloca\u00e7\u00e3o or\u00e7ament\u00e1ria com o<\/em> <a href=\"https:\/\/material.vexpenses.com\/guia-do-cfo-para-gerenciamento-de-gastos\/?utm_source=blog&amp;utm_medium=organic&amp;utm_campaign=ancora&amp;utm_content=rateio-de-despesas-por-centro-de-custo\" target=\"_blank\" rel=\"noreferrer noopener\"><strong><em>Guia do CFO para Gerenciamento de Gastos<\/em><\/strong><\/a> <em>e tome decis\u00f5es financeiras baseadas em dados confi\u00e1veis.<\/em><\/p>\n\n\n\n<h2 class=\"wp-block-heading\">Como atribuir o centro de custo no momento da despesa?<\/h2>\n\n\n\n<p class=\"wp-block-paragraph\">A forma mais eficiente de eliminar o ac\u00famulo de notas no fim do m\u00eas \u00e9 <strong>transferir a classifica\u00e7\u00e3o para a origem da compra<\/strong>. Em vez de centralizar tudo no time financeiro, as <a href=\"https:\/\/vexpenses.com.br\/blog\/expense-management-software\/?utm_campaign=linkinterno&amp;utm_content=rateio-de-despesas-por-centro-de-custo\">solu\u00e7\u00f5es de expense management<\/a> levam essa etapa para o aplicativo m\u00f3vel utilizado pelo pr\u00f3prio colaborador que realizou a despesa.<\/p>\n\n\n\n<p class=\"wp-block-paragraph\">Com a plataforma VExpenses, o processo \u00e9 guiado por regras inteligentes pr\u00e9-configuradas:<\/p>\n\n\n\n<ul class=\"wp-block-list\">\n<li><strong>centro de custo padr\u00e3o autom\u00e1tico:<\/strong> cada colaborador \u00e9 vinculado \u00e0 sua \u00e1rea ou filial principal, reduzindo o esfor\u00e7o de preenchimento nos gastos de rotina;<\/li>\n\n\n\n<li><strong>leitura inteligente de notas:<\/strong> a <a href=\"https:\/\/vexpenses.com.br\/blog\/tecnologia-ocr\/?utm_campaign=linkinterno&amp;utm_content=rateio-de-despesas-por-centro-de-custo\">tecnologia OCR<\/a> faz a leitura autom\u00e1tica dos dados fiscais do cupom e valida as <a href=\"https:\/\/vexpenses.com.br\/blog\/politica-de-transacao-por-categoria\/?utm_campaign=linkinterno&amp;utm_content=rateio-de-despesas-por-centro-de-custo\">categorias de despesas<\/a> compat\u00edveis com as pol\u00edticas da empresa;<\/li>\n\n\n\n<li><strong>permiss\u00f5es flex\u00edveis para equipes volantes:<\/strong> se o profissional atua em diferentes frentes, ele pode selecionar o centro de custo correspondente no momento do envio.<\/li>\n<\/ul>\n\n\n\n<p class=\"wp-block-paragraph\">Com essa <a href=\"https:\/\/vexpenses.com.br\/blog\/automatizacao-de-processos\/?utm_campaign=linkinterno&amp;utm_content=rateio-de-despesas-por-centro-de-custo\">automa\u00e7\u00e3o<\/a>, cada comprovante j\u00e1 ingressa no fluxo de aprova\u00e7\u00e3o com todas as dimens\u00f5es cont\u00e1beis preenchidas, sem depender de averigua\u00e7\u00f5es posteriores.<\/p>\n\n\n\n<h2 class=\"wp-block-heading\">\u00c9 poss\u00edvel ratear uma despesa entre dois ou mais centros de custos?<\/h2>\n\n\n\n<p class=\"wp-block-paragraph\">Sim. <strong>Dividir um \u00fanico gasto entre m\u00faltiplos centros de custo<\/strong> \u00e9 uma necessidade frequente em opera\u00e7\u00f5es com compras compartilhadas, como a aquisi\u00e7\u00e3o de insumos que abastecem duas lojas ou viagens t\u00e9cnicas que atendem a mais de um cliente na mesma rota.<\/p>\n\n\n\n<p class=\"wp-block-paragraph\">Para evitar que essas divis\u00f5es gerem controles manuais paralelos, a VExpenses oferece ferramentas completas de rateio fracionado:<\/p>\n\n\n\n<ul class=\"wp-block-list\">\n<li><strong>divis\u00e3o flex\u00edvel:<\/strong> o valor pode ser repartido em percentuais exatos ou em valores monet\u00e1rios fixos entre os centros envolvidos;<\/li>\n\n\n\n<li><strong>autonomia e controle:<\/strong> a distribui\u00e7\u00e3o pode ser informada pelo colaborador na ponta ou ajustada pelo gestor durante a revis\u00e3o;<\/li>\n\n\n\n<li><strong>comprovante \u00fanico:<\/strong> uma \u00fanica nota fiscal ampara todas as fra\u00e7\u00f5es rateadas, sem necessidade de duplicar relat\u00f3rios ou comprovantes;<\/li>\n\n\n\n<li><strong>fluxo de aprova\u00e7\u00e3o inteligente:<\/strong> a despesa transita automaticamente pelas <a href=\"https:\/\/vexpenses.com.br\/blog\/alcada-de-aprovacao\/?utm_campaign=linkinterno&amp;utm_content=rateio-de-despesas-por-centro-de-custo\">al\u00e7adas de aprova\u00e7\u00e3o<\/a> de todos os gestores respons\u00e1veis pelas \u00e1reas impactadas.<\/li>\n<\/ul>\n\n\n\n<p class=\"wp-block-paragraph\">Dessa forma, voc\u00ea garante que nenhum or\u00e7amento departamental absorva despesas de outros setores sem autoriza\u00e7\u00e3o.<\/p>\n\n\n\n<h2 class=\"wp-block-heading\">Do rateio ao lan\u00e7amento: como a classifica\u00e7\u00e3o chega ao ERP<\/h2>\n\n\n\n<p class=\"wp-block-paragraph\">O ciclo da <a href=\"https:\/\/vexpenses.com.br\/blog\/compliance-prestacao-contas\/?utm_campaign=linkinterno&amp;utm_content=rateio-de-despesas-por-centro-de-custo\">presta\u00e7\u00e3o de contas<\/a> s\u00f3 \u00e9 conclu\u00eddo quando todas as despesas aprovadas ingressam no sistema cont\u00e1bil sem exigir digita\u00e7\u00e3o manual. Por isso, <strong>a integra\u00e7\u00e3o entre a<\/strong> <a href=\"https:\/\/vexpenses.com.br\/blog\/melhores-solucoes-gestao-despesas\/?utm_campaign=linkinterno&amp;utm_content=rateio-de-despesas-por-centro-de-custo\"><strong>plataforma de gest\u00e3o de despesas<\/strong><\/a> <strong>e o ERP corporativo<\/strong> garante a sincroniza\u00e7\u00e3o completa da \u00e1rvore cont\u00e1bil e do plano de contas, apoiada em tr\u00eas pilares essenciais.<\/p>\n\n\n\n<p class=\"wp-block-paragraph\">Para tanto, \u00e9 poss\u00edvel utilizar funcionalidades como:<\/p>\n\n\n\n<ul class=\"wp-block-list\">\n<li><strong>matriz de-para configur\u00e1vel:<\/strong> o sistema correlaciona centros de custos, projetos e contas cont\u00e1beis diretamente para o padr\u00e3o exigido pelo seu <a href=\"https:\/\/vexpenses.com.br\/blog\/sistema-erp\/?utm_campaign=linkinterno&amp;utm_content=rateio-de-despesas-por-centro-de-custo\">ERP<\/a>;<\/li>\n\n\n\n<li><strong>estrutura multiempresa:<\/strong> grupos corporativos com m\u00faltiplos CNPJs direcionam as despesas para as contas fiscais e filiais corretas, automaticamente;.<\/li>\n\n\n\n<li><strong>conex\u00f5es flex\u00edveis:<\/strong> a sincroniza\u00e7\u00e3o pode ser realizada via API em tempo real ou por meio de arquivos estruturados compat\u00edveis com os principais ERPs do mercado.<\/li>\n<\/ul>\n\n\n\n<p class=\"wp-block-paragraph\">Assim, os lan\u00e7amentos cont\u00e1beis chegam ao fechamento conciliados, audit\u00e1veis e com rastreabilidade total desde a compra.<\/p>\n\n\n\n<h2 class=\"wp-block-heading\">O que definir na pol\u00edtica para o rateio funcionar<\/h2>\n\n\n\n<p class=\"wp-block-paragraph\">A tecnologia simplifica a rotina, mas \u00e9 <strong>uma pol\u00edtica corporativa bem estruturada que estabelece as regras do jogo e alinha o comportamento das equipes<\/strong>. Para que a atribui\u00e7\u00e3o de custos ocorra sem atritos operacionais, a pol\u00edtica de despesas deve prever diretrizes claras:<\/p>\n\n\n\n<ul class=\"wp-block-list\">\n<li><strong>recorte e governan\u00e7a:<\/strong> define se o foco priorit\u00e1rio s\u00e3o obras, clientes ou filiais e determina quem tem autoriza\u00e7\u00e3o para abrir novos centros;<\/li>\n\n\n\n<li><strong>associa\u00e7\u00e3o padr\u00e3o:<\/strong> vincula cada colaborador \u00e0 sua respectiva lota\u00e7\u00e3o inicial para agilizar os lan\u00e7amentos cotidianos;<\/li>\n\n\n\n<li><strong>regras de exce\u00e7\u00e3o:<\/strong> detalha em quais situa\u00e7\u00f5es o colaborador tem permiss\u00e3o para alterar o centro de custo no <a href=\"https:\/\/vexpenses.com.br\/blog\/aplicativo-de-prestacao-de-contas\/?utm_campaign=linkinterno&amp;utm_content=rateio-de-despesas-por-centro-de-custo\">aplicativo<\/a>;<\/li>\n\n\n\n<li><strong>crit\u00e9rios para gastos compartilhados:<\/strong> define o modelo padr\u00e3o de divis\u00e3o (como propor\u00e7\u00e3o por faturamento, headcount ou divis\u00e3o igualit\u00e1ria);<\/li>\n\n\n\n<li><strong>tratamento de pend\u00eancias:<\/strong> estabelece uma conta tempor\u00e1ria para gastos excepcionais que necessitem de averigua\u00e7\u00e3o antes da baixa;<\/li>\n\n\n\n<li><strong>reclassifica\u00e7\u00f5es cont\u00e1beis:<\/strong> estipula prazos e al\u00e7adas de aprova\u00e7\u00e3o para eventuais corre\u00e7\u00f5es ap\u00f3s o envio ao ERP;<\/li>\n\n\n\n<li><strong>encerramento de projetos:<\/strong> determina o bloqueio imediato de novos lan\u00e7amentos em frentes conclu\u00eddas e define como tratar despesas residuais.<\/li>\n<\/ul>\n\n\n\n<p class=\"wp-block-paragraph\">Com diretrizes bem documentadas e divulgadas, a equipe ganha autonomia para classificar corretamente e o setor fiscal deixa de lidar com retrabalho.<\/p>\n\n\n\n<p class=\"wp-block-paragraph\"><strong><em>[Guia pr\u00e1tico]<\/em><\/strong> <em>Estabele\u00e7a regras transparentes e padronize a presta\u00e7\u00e3o de contas com o<\/em> <a href=\"https:\/\/materiais.vexpenses.com\/criar-politica-de-reembolso?utm_source=blog&amp;utm_medium=organic&amp;utm_campaign=ancora&amp;utm_content=rateio-de-despesas-por-centro-de-custo\" target=\"_blank\" rel=\"noreferrer noopener\"><strong><em>Guia: Como Criar Pol\u00edticas de Reembolso de Despesas<\/em><\/strong><\/a> <em>para evitar retrabalho na equipe fiscal.<\/em><\/p>\n\n\n\n<figure class=\"wp-block-image size-full\"><a href=\"https:\/\/vexpenses.com.br\/demonstracoes\/politicas-despesas-corporativas?utm_source=blog&amp;utm_medium=organic&amp;utm_campaign=bannerdemopoliticas&amp;utm_content=rateio-de-despesas-por-centro-de-custo\" target=\"_blank\" rel=\" noopener\"><img loading=\"lazy\" decoding=\"async\" width=\"1024\" height=\"250\" src=\"https:\/\/vexpenses.com.br\/blog\/wp-content\/uploads\/2026\/03\/2026-03-12_blog_banner_demos-politica.webp\" alt=\"\" class=\"wp-image-43613\" srcset=\"https:\/\/vexpenses.com.br\/blog\/wp-content\/uploads\/2026\/03\/2026-03-12_blog_banner_demos-politica.webp 1024w, https:\/\/vexpenses.com.br\/blog\/wp-content\/uploads\/2026\/03\/2026-03-12_blog_banner_demos-politica-300x73.webp 300w, https:\/\/vexpenses.com.br\/blog\/wp-content\/uploads\/2026\/03\/2026-03-12_blog_banner_demos-politica-768x188.webp 768w\" sizes=\"auto, (max-width: 1024px) 100vw, 1024px\" \/><\/a><\/figure>\n\n\n\n<h2 class=\"wp-block-heading\">Rateio por centro de custo: por onde come\u00e7ar a mudar<\/h2>\n\n\n\n<p class=\"wp-block-paragraph\">Transformar o rateio de custos em uma rotina \u00e1gil n\u00e3o exige redesenhar toda a contabilidade da noite para o dia. A mudan\u00e7a come\u00e7a na simples decis\u00e3o de <strong>transferir a pergunta<\/strong> <strong><em>&#8220;de quem \u00e9 esse gasto?&#8221;<\/em><\/strong> <strong>do fechamento mensal para o momento em que a despesa acontece<\/strong>.<\/p>\n\n\n\n<p class=\"wp-block-paragraph\">Quando a empresa adota ferramentas que permitem o registro em campo com aprova\u00e7\u00f5es estruturadas, as despesas \u00f3rf\u00e3s deixam de existir. Cada nota fiscal j\u00e1 ingressa no sistema com respons\u00e1vel, projeto e centro de custo associados, permitindo que a lideran\u00e7a financeira abandone o papel de investigadora de comprovantes e assuma uma atua\u00e7\u00e3o estrat\u00e9gica de an\u00e1lise de margens e acompanhamento or\u00e7ament\u00e1rio.<\/p>\n\n\n\n<p class=\"wp-block-paragraph\">Parar de classificar despesas no fim do m\u00eas \u00e9, no fundo, <strong>recuperar o controle sobre a rentabilidade real de cada entrega<\/strong>. Em vez de aceitar o fechamento cont\u00e1bil como um per\u00edodo de estresse e dedu\u00e7\u00f5es manuais, o sua empresa pode operar com visibilidade or\u00e7ament\u00e1ria cont\u00ednua, governan\u00e7a de ponta a ponta e integra\u00e7\u00e3o direta com o seu ERP.<\/p>\n\n\n\n<p class=\"wp-block-paragraph\">Quer eliminar o retrabalho no fechamento e automatizar o rateio de despesas da sua opera\u00e7\u00e3o? <a href=\"https:\/\/vexpenses.com.br\/demonstracoes?utm_source=blog&amp;utm_medium=organic&amp;utm_campaign=ancora&amp;utm_content=rateio-de-despesas-por-centro-de-custo\" target=\"_blank\" rel=\"noreferrer noopener\"><strong>Assista \u00e0 uma demonstra\u00e7\u00e3o gratuita da VExpenses<\/strong><\/a> e descubra como colocar sua gest\u00e3o financeira no piloto autom\u00e1tico.<\/p>\n\n\n<style>\n:root {\n    --color-grey-10: #fafafa;\n    --color-grey-20: #f0f0f0;\n    --color-grey-30: #eff2f5;\n    --color-grey-40: #dae3ea;\n    --color-grey-50: #e6eaef;\n    --color-grey-60: #666666;\n    --color-grey-70: #848a99;\n    --color-grey-80: #8a8a8a;\n    --color-grey-90: #323c55;\n    --color-blue-10: #edf9ff;\n    --color-blue-30: #70cdff;\n    --color-blue-40: #4ac0ff;\n    --color-blue-50: #3fa1fff5;\n    --color-blue-70: #0073e6;\n    --color-blue-90: #00326b;\n    --color-white: #ffffff;\n  \n    --font-heading-xl: 56px;\n    --font-heading-lg: 40px;\n    --font-heading-md: 32px;\n    --font-heading-sm: 28px;\n    --font-heading-xs: 20px;\n    --font-heading-2xs: 16px;\n    --font-p-xxl: 37px;\n    --font-p-xl: 27px;\n    --font-p-lg: 19px;\n    --font-p-md: 17px;\n    --font-p-sm: 14px;\n    --font-p-xs: 13px;\n  \n    --gradient-blue-light: linear-gradient(90deg, #4ac0ff 100%, #3fa1fff5 100%);\n    --gradient-blue-dark: linear-gradient(\n      60deg,\n      rgba(0, 51, 101, 1) 0%,\n      rgba(11, 62, 112, 1) 60%,\n      rgba(0, 79, 156, 1) 100%\n    );\n    --gradient-footer-blue-dark: linear-gradient(\n      83deg,\n      rgba(0, 46, 91, 1) 0%,\n      rgba(0, 58, 116, 1) 100%\n    );\n    --gradient-blue-dark-border: linear-gradient(\n      10deg,\n      #003365 60%,\n      #006edb 100%\n    );\n    --gradient-hero-blue-light: linear-gradient(\n      153deg,\n      rgba(248, 250, 251, 1) 0%,\n      rgba(223, 238, 252, 1) 35%,\n      rgba(224, 239, 253, 1) 100%\n    );\n    --gradient-feature-blue-light: linear-gradient(\n      285.85deg,\n      #f9f9f9 8.03%,\n      #eef5f9 111.44%\n    );\n  }\n\n.container-content-demos-post {\n    display: grid;\n    grid-template-columns: 1fr;\n}\n\n.section-demos-post {\n    max-width: 1920px;\n    display: flex;\n    justify-content: center;\n    margin: 0 auto;\n    width: 100%;\n    background-color: #f9f9f9f9;\n  }\n  \n  .container-demos-post {\n    display: flex;\n    width: 100%;\n    flex-direction: column;\n    margin: 0 auto;\n    justify-content: center;\n    align-items: center;\n    padding:40px 0;\n  }\n  \n  .container-demos-post > div {\n    width: 100%;\n    gap: 20px;\n    padding-top: 10pxrem;\n  }\n  \n  .container-demos-post > span {\n    color: var(--color-white);\n  }\n  \n  .pill-demos-post {\n    background-color: var(--color-blue-90);\n    width: 100%;\n    max-width: fit-content;\n    padding: 0.6rem 1.5rem;\n    border-radius: 100px;\n    display: flex;\n    align-items: center;\n    justify-content: center;\n    gap: 0.8rem;\n  }\n  \n  .pill-demos-post p {\n    color: var(--color-white);\n    font-size: var(--font-p-sm);\n    font-weight: 500;\n    line-height: 160%;\n  }\n  \n  .content-demos-post {\n    text-align: center;\n  }\n  .content-demos-post p,\n  .content-demos-post h2 {\n    font-weight: 500;\n    color: var(--color-blue-90);\n  }\n  \n  .content-demos-post strong {\n    color: var(--color-blue-70);\n  }\n  \n  .content-demos-post p {\n    font-size: var(--font-p-lg);\n  }\n  \n  .content-demos-post h2,\n  .content-demos-post strong {\n    padding: 2rem 0;\n    font-size: var(--font-heading-md);\n  }\n  \n  .container-video-demos-post{\n     position: relative;\n  }\n  \n  .video-demos-post {\n    display: flex;\n    justify-content: center;\n    width: 100%;\n    height: 400px;\n    border-radius: 18px;\n   \n  }\n  \n  .video-demos-post iframe {\n    border-radius: 18px;\n    width: 100%;\n  }\n\n  @keyframes ripple {\n    to {\n      transform: translate(-50%, -50%) scale(4);\n      opacity: 0;\n    }\n  }\n  \n  .glass-demos-post {\n    position: absolute;\n    top: 0;\n    left: 0;\n    width: 100%;\n    height: 100%;\n    display: flex;\n    align-items: center;\n    justify-content: center;\n    background: rgba(255, 255, 255, 0);\n    backdrop-filter: blur(15px);\n    -webkit-backdrop-filter: blur(15px);\n    border-radius: 18px;\n    border: 1px solid rgba(255, 255, 255, 0);\n  }\n  \n  .overlay-glass-demos-post {\n    height: 100%;\n    max-width: 50%;\n    display: flex;\n    flex-direction: column;\n    align-items: center;\n    justify-content: space-evenly;\n    padding: 2rem;\n  }\n  \n  .button-glass-demos-post {\n    background: var(--color-blue-70);\n    color: var(--color-white);\n    padding: 16px 32px;\n    border-radius: 8px;\n    border: none;\n    text-align: center;\n    font-size: 16px;\n    font-weight: 600;\n    position: relative;\n    overflow: hidden;\n    transition: transform 0.17s ease-in;\n    box-shadow: 0px 5px 15px rgba(0, 0, 0, 0.2);\n  }\n  \n  .button-glass:hover {\n    transform: scale(1.04);\n  }\n  \n  .button-glass-demos-post::before {\n    content: \"\";\n    position: absolute;\n    border-radius: 50%;\n    width: 50px;\n    height: 50px;\n    background-color: rgba(207, 204, 248, 0.7);\n    top: 50%;\n    left: 50%;\n    transform: translate(-50%, -50%) scale(0);\n    animation: ripple 1s infinite;\n  }\n\n  .modal-container-demos-post {\n    display: none;\n    position: fixed;\n    top: 0;\n    left: 0;\n    width: 100%;\n    height: 100vh;\n    background-color: rgba(128, 128, 128, 0.5);\n    z-index: 99998;\n  }\n  \n  .modal-content-demos-post {\n    z-index: 99998;\n    position: fixed;\n    top: 50%;\n    left: 50%;\n    transform: translate(-50%, -50%);\n    background-color: var(--color-blue-90);\n    width: 50%;\n    padding: 20px;\n    border-radius: 10px;\n  }\n  \n  .modal-content-container-demos-post {\n    width:100%;\n    display: flex;\n    flex-direction: column;\n    gap: 20px;\n    padding: 40px;\n  }\n  \n  .modal-content-container-demos-post input {\n    width: 100%;\n  }\n  \n  .container-text-demos-post {\n    display: flex;\n    flex-direction: column;\n    justify-content: center;\n    align-items: center;\n    padding: 20px;\n  }\n  \n  .container-text-demos-post span,\n  .container-text-demos-post h2 {\n    text-align: center;\n    color: var(--color-white) !important;\n  }\n  \n  .container-text-demos-post h2 {\n    padding: 10px 0;\n    font-size: var(--font-heading-md);\n  }\n  \n  .container-text-demos-post span {\n    text-align: center;\n  }\n  \n  .form-deafult-button-demos-post {\n    margin-top: 20px;\n    display: inline-block;\n    padding: 16px 24px;\n    background: var(--color-blue-70);\n    color: var(--color-white);\n    font-size: 16px;\n    font-weight: 600;\n    border: none;\n    border-radius: 12px;\n    text-align: center;\n  }\n  \n  .button-form-demo-demos-post {\n    background-color: var(--color-blue-50);\n    color: var(--color-white);\n  }\n  \n  .button-close-modal-demos-post {\n    position: absolute;\n    background-color: transparent;\n    border: none;\n    top: 0;\n    right: 0;\n    padding: 1rem;\n    cursor: pointer;\n    color: var(--color-white);\n    font-size: 18px;\n    z-index: 99999;\n  }\n  \n  .close-modal-icon-demos-post {\n    position: absolute;\n    right: 20px;\n    top: 10px;\n    width: 22px;\n    height: 22px;\n    opacity: 0.6;\n  }\n  \n  .close-modal-icon-demos-post::before,\n  .close-modal-icon-demos-post::after {\n    position: absolute;\n    left: 15px;\n    content: \" \";\n    height: 23px;\n    width: 2px;\n    background-color: var(--color-white);\n  }\n  \n  .close-modal-icon-demos-post::before {\n    transform: rotate(45deg);\n  }\n  .close-modal-icon-demos-post::after {\n    transform: rotate(-45deg);\n  }\n  \n  .row-form-check-box-demo-demos-post {\n    display: flex;\n    flex-direction: row;\n    align-items: center;\n    width: 100%;\n  }\n  \n  .row-form-check-box-demo-demos-post input {\n    width: auto;\n  }\n  \n  .row-form-check-box-demo-demos-post label {\n    color: #ffffff !important;\n    font-size: var(--font-p-sm);\n    padding: 4px;\n  }\n  \n  .terms-container-demos-post {\n    font-size: 16px;\n    color: var(--color-white);\n  }\n  .terms-container-demos-post a {\n    text-decoration: underline;\n    color: var(--color-blue-50);\n  }\n  \n  .terms-container-demos-post a:hover {\n    color: var(--color-blue-30);\n    text-decoration: none;\n  }\n\n  .input-modal-demo-demos-post{\n    padding: 10px;\n    border: 2px solid var(--color-grey-20);\n    border-radius: 8px;\n    font-size: 16px;\n    background-color: var(--color-grey-20);\n    color: var(--color-grey-90);\n    width: 100%;\n  }\n  \n  .input-modal-demo-demos-post:focus {\n    outline: none;\n    border-color: var(--color-blue-70);\n  }\n  \n  .input-modal-demo-demos-post::placeholder {\n    color: var(--color-grey-90);\n  }\n  \n  .wpcf7-list-item label{\n    background-color: red;\n    display:flex;\n    justify-content: flex-start;\n    align-items: flex-start;\n  }\n  \n \n  @media screen and (max-width: 1600px) {\n    .container-content {\n      padding: 8rem 10rem 8rem 10rem;\n    }\n}\n\n@media (max-width: 1536px) {\n    .container-img-demos-post {\n      height: 550px;\n    }\n  }\n\n  @media (-webkit-min-device-pixel-ratio: 1.25) {\n    .modal-content-demos-post {\n      width: 60%;\n      padding: 10px;\n    }\n  }\n  \n  @media screen and (max-width: 1536px) {\n    .modal-content-demos-post {\n      width: 60%;\n      padding: 0;\n    }\n  }\n  \n@media screen and (max-width: 1400px) {\n    .container-content-demos-post {\n      padding: 8rem;\n    }\n}\n  \n@media screen and (max-width: 1280px) {\n    .container-content-demos-post {\n      padding: 8rem 10rem 8rem 8rem;\n    }\n\n    .container-text-demos-post h2 {\n      padding: 0;\n      padding-bottom: 1rem;\n    }\n  }\n  \n@media screen and (max-width: 1250px) {\n    .container-content-demos-post {\n        padding: 4rem;\n    }\n}\n@media (max-width: 1024px) {\n    .container-img-demos-post {\n      height: 360px;\n    }\n  }\n\n  @media screen and (max-width: 968px) {\n    .modal-content-container-demos-post {\n      padding: 2rem;\n    }\n    .container-text-demos-post h2 {\n      font-size: var(--font-heading-sm);\n    }\n  \n    .terms-container-demos-post {\n      font-size: 1.6rem;\n    }\n    .terms-container a {\n      font-size: 1.6rem;\n    }\n  }\n  \n  @media screen and (max-width: 768px) {\n    .content-demos-post {\n      text-align: center;\n    }\n  \n    .container-img-demos-post {\n      height: 280px;\n    }\n  \n    .button-glass-demos-post {\n      padding: 1.2rem 2.4rem;\n      font-size: 1.4rem;\n    }\n  }\n  \n  @media (max-width: 710px) {\n    .overlay-glass-demos-post {\n      max-width: 100%;\n    }\n  }\n\n  @media screen and (max-width: 600px) {\n    .modal-content-demos-post {\n      width: 100%;\n    }\n  \n    .video-demos-post {\n      width: 80%;\n    }\n  \n    .content-demos-post h2,\n    .content-demos-post strong {\n      font-size: var(--font-heading-sm);\n    }\n  \n    .content-demos-post p {\n      font-size: var(--font-p-md);\n    }\n  \n    .container-img-demos-post {\n      height: 240px;\n    }\n  }\n\n  @media (max-width: 425px) {\n    .button-glass-demos-post {\n      margin-bottom: 4rem;\n    }\n  }\n  @media screen and (max-width: 375px) {\n    .close-modal-icon-demos-post {\n      right: 10px;\n      top: 5px;\n    }\n  }\n  \n  @media screen and (min-width: 974px) {\n    .pill-demos-post {\n      font-size: var(--font-p-lg);\n    }\n  }\n<\/style>\n\n<script>\n  \n    document.addEventListener('DOMContentLoaded', function () {\n      if (localStorage.getItem('showModal') === null) {\n        localStorage.setItem('showModal', 'true');\n      } else if (localStorage.getItem('showModal') === 'false') {\n        console.log('showmodal false');\n    \n        const glass = document.querySelector('.glass-demos-post');\n    \n        if (glass) {\n          glass.style.display = 'none';\n        }\n      }\n    });\n    \n     \/\/seta false ap\u00f3s envio do form\n    document.addEventListener('wpcf7mailsent', function () {\n     localStorage.setItem('showModal', 'false');\n\n      setTimeout(() => {\n          window.location.reload();\n      }, 300);\n    });\n    \n    \/\/valida optinwhatsapp\n    document.addEventListener('DOMContentLoaded', function () {\n      const checkbox = document.querySelector(\n          'input[name=\"whatsapp_consent[]\"]'\n      );\n  \n      const hidden = document.getElementById('whatsapp-consent-value');\n  \n      if (!checkbox || !hidden) return;\n  \n      checkbox.addEventListener('change', function () {\n          hidden.value = this.checked ? 'Sim' : 'N\u00e3o';\n      });\n    });\n    \n    document.addEventListener('DOMContentLoaded', function () {\n      const campo = document.getElementById('pagina-url');\n  \n      if (campo) {\n          campo.value = window.location.href;\n      }\n    });\n    \n    function openModalDemoMidPost() {\n      document.querySelector('.modal-container-demos-post').style.display = 'block';\n    }\n\n    function closeModalDemoMidPost() {\n      document.querySelector('.modal-container-demos-post').style.display = 'none';\n    }\n    \n   \n    \n    \/\/valida telefone e adiciona mascara\n    document.addEventListener('DOMContentLoaded', function () {\n    const telefone = document.getElementById('telefone-contato');\n\n    if (!telefone) return;\n\n    \/\/ M\u00e1scara enquanto digita\n    telefone.addEventListener('input', function (e) {\n        let value = e.target.value.replace(\/\\D\/g, '');\n\n        \/\/ Limita a 11 d\u00edgitos\n        value = value.substring(0, 11);\n\n        if (value.length > 10) {\n            \/\/ Celular: (11) 99999-9999\n            value = value.replace(\n                \/^(\\d{2})(\\d{5})(\\d{0,4}).*\/,\n                '($1) $2-$3'\n            );\n        } else if (value.length > 6) {\n            \/\/ Fixo: (11) 9999-9999\n            value = value.replace(\n                \/^(\\d{2})(\\d{4})(\\d{0,4}).*\/,\n                '($1) $2-$3'\n            );\n        } else if (value.length > 2) {\n            value = value.replace(\n                \/^(\\d{2})(\\d{0,5})\/,\n                '($1) $2'\n            );\n        } else if (value.length > 0) {\n            value = value.replace(\n                \/^(\\d*)\/,\n                '($1'\n            );\n        }\n\n        e.target.value = value;\n    });\n\n    \/\/ Valida\u00e7\u00e3o ao sair do campo\n    telefone.addEventListener('blur', function () {\n        const numeros = this.value.replace(\/\\D\/g, '');\n\n        const valido = \/^[1-9]{2}\\d{8,9}$\/.test(numeros);\n\n        if (!valido && numeros.length > 0) {\n            this.setCustomValidity('Digite um telefone v\u00e1lido com DDD.');\n            this.reportValidity();\n        } else {\n            this.setCustomValidity('');\n        }\n    });\n});\n  <\/script>\n\n<section class=\"section-demos-post lazyblock-demos-Z1m8Xcp wp-block-lazyblock-demos\">\n            <div class=\"container-demos-post\">\n            <span class=\"pill-demos-post\">\n                <img\n                src='https:\/\/vexpenses.com.br\/blog\/wp-content\/uploads\/2026\/06\/icon-demo.svg'\n                alt=\"icon de bot\u00e3o play\"\n                \/>\n                Demonstra\u00e7\u00e3o\n            <\/span>\n                <div class=\"container-content-demos-post\">\n                    <div class=\"content-demos-post\">\n                    <h2>\n                        Conhe\u00e7a a <strong>VExpenses<\/strong> na pr\u00e1tica\n                    <\/h2>\n                    <\/div>\n                   <div class=\"container-video-demos-post\">\n                        <div class=\"video-demos-post\">\n                            <iframe\n                                src=\"https:\/\/www.youtube.com\/embed\/h9VWw20ICcU?si=2vhMdwGUgLWaZOr0\"\n                                title=\"YouTube video player\"\n                                frameborder=\"0\"\n                                allowfullscreen>\n                            <\/iframe>\n                        <\/div>\n                        <div class=\"glass-demos-post\">\n                            <div class=\"overlay-glass-demos-post\">\n                                <button class=\"button-glass-demos-post\" onclick=\"openModalDemoMidPost()\">\n                                    Assistir Demonstra\u00e7\u00e3o\n                                <\/button>\n                            <\/div>\n                        <\/div>\n                    <\/div>\n                <\/div>\n            <\/div>\n                <div class=\"modal-container-demos-post\">\n                    <div class=\"modal-content-demos-post\">\n                        <button\n                          class='button-close-modal-demos-post'\n                          onclick=\"closeModalDemoMidPost()\"                      >\n                          <div class=\"close-modal-icon-demos-post\"><\/div>\n                        <\/button>\n              \n                        <div class=\"container-text-demos-post\">\n                            <h2>Acesse as demonstra\u00e7\u00f5es gratuitamente.<\/h2>\n                            <span>\n                            Preencha o formul\u00e1rio apenas uma vez e tenha acesso vital\u00edcio \u00e0s\n                            nossas demonstra\u00e7\u00f5es!\n                            <\/span>\n                        <\/div>\n                        \n<div class=\"wpcf7 no-js\" id=\"wpcf7-f44465-o1\" lang=\"pt-BR\" dir=\"ltr\" data-wpcf7-id=\"44465\">\n<div class=\"screen-reader-response\"><p role=\"status\" aria-live=\"polite\" aria-atomic=\"true\"><\/p> <ul><\/ul><\/div>\n<form action=\"\/wp-json\/wp\/v2\/posts\/45408#wpcf7-f44465-o1\" method=\"post\" class=\"wpcf7-form init\" id=\"formContatoModalDemo\" aria-label=\"Formul\u00e1rios de contato\" novalidate=\"novalidate\" data-status=\"init\">\n<fieldset class=\"hidden-fields-container\"><input type=\"hidden\" name=\"_wpcf7\" value=\"44465\" \/><input type=\"hidden\" name=\"_wpcf7_version\" value=\"6.1.6\" \/><input type=\"hidden\" name=\"_wpcf7_locale\" value=\"pt_BR\" \/><input type=\"hidden\" name=\"_wpcf7_unit_tag\" value=\"wpcf7-f44465-o1\" \/><input type=\"hidden\" name=\"_wpcf7_container_post\" value=\"0\" \/><input type=\"hidden\" name=\"_wpcf7_posted_data_hash\" value=\"\" \/>\n<\/fieldset>\n<div class=\"modal-content-container-demos-post\">\n\n    <span class=\"wpcf7-form-control-wrap\" data-name=\"nome\"><input size=\"40\" maxlength=\"400\" class=\"wpcf7-form-control wpcf7-text wpcf7-validates-as-required input-modal-demo-demos-post\" aria-required=\"true\" aria-invalid=\"false\" placeholder=\"Nome\" value=\"\" type=\"text\" name=\"nome\" \/><\/span>\n\n    <span class=\"wpcf7-form-control-wrap\" data-name=\"email\"><input size=\"40\" maxlength=\"400\" class=\"wpcf7-form-control wpcf7-email wpcf7-validates-as-required wpcf7-text wpcf7-validates-as-email input-modal-demo-demos-post\" aria-required=\"true\" aria-invalid=\"false\" placeholder=\"E-mail Profissional\" value=\"\" type=\"email\" name=\"email\" \/><\/span>\n\n    <span class=\"wpcf7-form-control-wrap\" data-name=\"empresa\"><input size=\"40\" maxlength=\"400\" class=\"wpcf7-form-control wpcf7-text wpcf7-validates-as-required input-modal-demo-demos-post\" aria-required=\"true\" aria-invalid=\"false\" placeholder=\"Nome da empresa\" value=\"\" type=\"text\" name=\"empresa\" \/><\/span>\n\n    <span class=\"wpcf7-form-control-wrap\" data-name=\"telefone\"><input size=\"40\" maxlength=\"400\" class=\"wpcf7-form-control wpcf7-tel wpcf7-validates-as-required wpcf7-text wpcf7-validates-as-tel input-modal-demo-demos-post\" id=\"telefone-contato\" aria-required=\"true\" aria-invalid=\"false\" placeholder=\"Telefone para contato\" value=\"\" type=\"tel\" name=\"telefone\" \/><\/span>\n\n    <input class=\"wpcf7-form-control wpcf7-hidden\" id=\"pagina-url\" value=\"\" type=\"hidden\" name=\"url_conversao\" \/>\n\n    <div class=\"terms-container-demos-post\">\n        Ao informar seus dados, voc\u00ea concorda com a nossa\n        <a href=\"https:\/\/vexpenses.com.br\/politica-privacidade\" target=\"_blank\" rel=\"noopener noreferrer\">\n            Pol\u00edtica de Privacidade\n        <\/a>.\n    <\/div>\n\n    <div class=\"row-form-check-box-demo-demos-post\">\n      <input class=\"wpcf7-form-control wpcf7-hidden\" id=\"whatsapp-consent-value\" value=\"N\u00e3o\" type=\"hidden\" name=\"whatsapp_consent_value\" \/>\n      <span class=\"wpcf7-form-control-wrap\" data-name=\"whatsapp_consent\"><span class=\"wpcf7-form-control wpcf7-checkbox\" id=\"whatsappConsent\"><span class=\"wpcf7-list-item first last\"><input type=\"checkbox\" name=\"whatsapp_consent[]\" value=\"\" \/><span class=\"wpcf7-list-item-label\"><\/span><\/span><\/span><\/span>\n      <label for=\"whatsappConsent\">\n        Aceito receber contatos, materiais e convites personalizados pelo WhatsApp\n      <\/label>\n    <\/div>\n\n    <input class=\"wpcf7-form-control wpcf7-submit has-spinner form-default-button button-form-demo-demos-post\" type=\"submit\" value=\"Acessar\" \/>\n\n<\/div><p style=\"display: none !important;\" class=\"akismet-fields-container\" data-prefix=\"_wpcf7_ak_\"><label>&#916;<textarea name=\"_wpcf7_ak_hp_textarea\" cols=\"45\" rows=\"8\" maxlength=\"100\"><\/textarea><\/label><input type=\"hidden\" id=\"ak_js_1\" name=\"_wpcf7_ak_js\" value=\"173\"\/><script>\ndocument.getElementById( \"ak_js_1\" ).setAttribute( \"value\", ( new Date() ).getTime() );\n<\/script>\n<\/p><div class=\"wpcf7-response-output\" aria-hidden=\"true\"><\/div>\n<\/form>\n<\/div>\n\n                       \n                    <\/div>\n                  <\/div>\n        <\/section>\n\n\n\n<p class=\"wp-block-paragraph\"><\/p>\n","protected":false},"excerpt":{"rendered":"O rateio de despesas por centro de custo consiste na atribui\u00e7\u00e3o direta de cada gasto \u00e0 unidade ou projeto de origem, garantindo controle financeiro em tempo real e eliminando reconstru\u00e7\u00f5es manuais no fechamento cont\u00e1bil. O rateio de despesas por centro de custo costuma come\u00e7ar com uma cena cl\u00e1ssica na mesa do financeiro ao fim do [&hellip;]","protected":false},"author":39,"featured_media":45409,"comment_status":"open","ping_status":"open","sticky":false,"template":"","format":"standard","meta":{"inline_featured_image":false,"footnotes":""},"categories":[1870],"tags":[2123,2121,2124,2122],"funil":[],"jornada":[1909],"persona":[],"objetivo":[],"assunto":[],"class_list":["post-45408","post","type-post","status-publish","format-standard","has-post-thumbnail","hentry","category-despesa-corporativa","tag-centro-de-custos","tag-rateio-de-despesas","tag-rateio-de-despesas-por-centro-de-custos","tag-rateio-por-centro-de-custos","jornada-otimizacao-de-processos"],"yoast_head":"<!-- This site is optimized with the Yoast SEO plugin v27.7 - https:\/\/yoast.com\/product\/yoast-seo-wordpress\/ -->\n<title>Rateio de despesas por centro de custo: automatizar a atribui\u00e7\u00e3o<\/title>\n<meta name=\"description\" content=\"Por que o rateio por centro de custo sobra para o fechamento, como definir o recorte da empresa e fazer a despesa j\u00e1 nascer com projeto, obra ou cliente.\" \/>\n<meta name=\"robots\" content=\"index, follow, max-snippet:-1, max-image-preview:large, max-video-preview:-1\" \/>\n<link rel=\"canonical\" href=\"https:\/\/vexpenses.com.br\/blog\/rateio-de-despesas-centro-custo\/\" \/>\n<meta property=\"og:locale\" content=\"pt_BR\" \/>\n<meta property=\"og:type\" content=\"article\" \/>\n<meta property=\"og:title\" content=\"Rateio de despesas por centro de custo: automatizar a atribui\u00e7\u00e3o\" \/>\n<meta property=\"og:description\" content=\"Por que o rateio por centro de custo sobra para o fechamento, como definir o recorte da empresa e fazer a despesa j\u00e1 nascer com projeto, obra ou cliente.\" \/>\n<meta property=\"og:url\" content=\"https:\/\/vexpenses.com.br\/blog\/rateio-de-despesas-centro-custo\/\" \/>\n<meta property=\"og:site_name\" content=\"Blog\" \/>\n<meta property=\"article:published_time\" content=\"2026-09-02T17:44:19+00:00\" \/>\n<meta property=\"article:modified_time\" content=\"2026-09-02T17:47:34+00:00\" \/>\n<meta property=\"og:image\" content=\"https:\/\/vexpenses.com.br\/blog\/wp-content\/uploads\/2026\/09\/vexpenses_capa_blog_fevereiro_2026-3-_5_-1.webp\" \/>\n\t<meta property=\"og:image:width\" content=\"1551\" \/>\n\t<meta property=\"og:image:height\" content=\"618\" \/>\n\t<meta property=\"og:image:type\" content=\"image\/webp\" \/>\n<meta name=\"author\" content=\"Thais Fartes\" \/>\n<meta name=\"twitter:card\" content=\"summary_large_image\" \/>\n<meta name=\"twitter:label1\" content=\"Escrito por\" \/>\n\t<meta name=\"twitter:data1\" content=\"Thais Fartes\" \/>\n\t<meta name=\"twitter:label2\" content=\"Est. tempo de leitura\" \/>\n\t<meta name=\"twitter:data2\" content=\"13 minutos\" \/>\n<script type=\"application\/ld+json\" class=\"yoast-schema-graph\">{\"@context\":\"https:\\\/\\\/schema.org\",\"@graph\":[{\"@type\":\"Article\",\"@id\":\"https:\\\/\\\/vexpenses.com.br\\\/blog\\\/rateio-de-despesas-centro-custo\\\/#article\",\"isPartOf\":{\"@id\":\"https:\\\/\\\/vexpenses.com.br\\\/blog\\\/rateio-de-despesas-centro-custo\\\/\"},\"author\":{\"name\":\"Thais Fartes\",\"@id\":\"https:\\\/\\\/vexpenses.com.br\\\/blog\\\/#\\\/schema\\\/person\\\/2e0c3617e06031cd5fe3b3b7c4b9e3f0\"},\"headline\":\"Rateio de despesas por centro de custo: como parar de classificar tudo no fim do m\u00eas\",\"datePublished\":\"2026-09-02T17:44:19+00:00\",\"dateModified\":\"2026-09-02T17:47:34+00:00\",\"mainEntityOfPage\":{\"@id\":\"https:\\\/\\\/vexpenses.com.br\\\/blog\\\/rateio-de-despesas-centro-custo\\\/\"},\"wordCount\":2582,\"commentCount\":0,\"publisher\":{\"@id\":\"https:\\\/\\\/vexpenses.com.br\\\/blog\\\/#organization\"},\"image\":{\"@id\":\"https:\\\/\\\/vexpenses.com.br\\\/blog\\\/rateio-de-despesas-centro-custo\\\/#primaryimage\"},\"thumbnailUrl\":\"https:\\\/\\\/vexpenses.com.br\\\/blog\\\/wp-content\\\/uploads\\\/2026\\\/09\\\/vexpenses_capa_blog_fevereiro_2026-3-_5_-1.webp\",\"keywords\":[\"centro de custos\",\"rateio de despesas\",\"rateio de despesas por centro de custos\",\"rateio por centro de custos\"],\"articleSection\":[\"Despesas Corporativas\"],\"inLanguage\":\"pt-BR\",\"potentialAction\":[{\"@type\":\"CommentAction\",\"name\":\"Comment\",\"target\":[\"https:\\\/\\\/vexpenses.com.br\\\/blog\\\/rateio-de-despesas-centro-custo\\\/#respond\"]}]},{\"@type\":\"WebPage\",\"@id\":\"https:\\\/\\\/vexpenses.com.br\\\/blog\\\/rateio-de-despesas-centro-custo\\\/\",\"url\":\"https:\\\/\\\/vexpenses.com.br\\\/blog\\\/rateio-de-despesas-centro-custo\\\/\",\"name\":\"Rateio de despesas por centro de custo: automatizar a atribui\u00e7\u00e3o\",\"isPartOf\":{\"@id\":\"https:\\\/\\\/vexpenses.com.br\\\/blog\\\/#website\"},\"primaryImageOfPage\":{\"@id\":\"https:\\\/\\\/vexpenses.com.br\\\/blog\\\/rateio-de-despesas-centro-custo\\\/#primaryimage\"},\"image\":{\"@id\":\"https:\\\/\\\/vexpenses.com.br\\\/blog\\\/rateio-de-despesas-centro-custo\\\/#primaryimage\"},\"thumbnailUrl\":\"https:\\\/\\\/vexpenses.com.br\\\/blog\\\/wp-content\\\/uploads\\\/2026\\\/09\\\/vexpenses_capa_blog_fevereiro_2026-3-_5_-1.webp\",\"datePublished\":\"2026-09-02T17:44:19+00:00\",\"dateModified\":\"2026-09-02T17:47:34+00:00\",\"description\":\"Por que o rateio por centro de custo sobra para o fechamento, como definir o recorte da empresa e fazer a despesa j\u00e1 nascer com projeto, obra ou cliente.\",\"breadcrumb\":{\"@id\":\"https:\\\/\\\/vexpenses.com.br\\\/blog\\\/rateio-de-despesas-centro-custo\\\/#breadcrumb\"},\"inLanguage\":\"pt-BR\",\"potentialAction\":[{\"@type\":\"ReadAction\",\"target\":[\"https:\\\/\\\/vexpenses.com.br\\\/blog\\\/rateio-de-despesas-centro-custo\\\/\"]}]},{\"@type\":\"ImageObject\",\"inLanguage\":\"pt-BR\",\"@id\":\"https:\\\/\\\/vexpenses.com.br\\\/blog\\\/rateio-de-despesas-centro-custo\\\/#primaryimage\",\"url\":\"https:\\\/\\\/vexpenses.com.br\\\/blog\\\/wp-content\\\/uploads\\\/2026\\\/09\\\/vexpenses_capa_blog_fevereiro_2026-3-_5_-1.webp\",\"contentUrl\":\"https:\\\/\\\/vexpenses.com.br\\\/blog\\\/wp-content\\\/uploads\\\/2026\\\/09\\\/vexpenses_capa_blog_fevereiro_2026-3-_5_-1.webp\",\"width\":1551,\"height\":618},{\"@type\":\"BreadcrumbList\",\"@id\":\"https:\\\/\\\/vexpenses.com.br\\\/blog\\\/rateio-de-despesas-centro-custo\\\/#breadcrumb\",\"itemListElement\":[{\"@type\":\"ListItem\",\"position\":1,\"name\":\"In\u00edcio\",\"item\":\"https:\\\/\\\/vexpenses.com.br\\\/blog\\\/\"},{\"@type\":\"ListItem\",\"position\":2,\"name\":\"Rateio de despesas por centro de custo: como parar de classificar tudo no fim do m\u00eas\"}]},{\"@type\":\"WebSite\",\"@id\":\"https:\\\/\\\/vexpenses.com.br\\\/blog\\\/#website\",\"url\":\"https:\\\/\\\/vexpenses.com.br\\\/blog\\\/\",\"name\":\"Blog\",\"description\":\"Blog VExpenses\",\"publisher\":{\"@id\":\"https:\\\/\\\/vexpenses.com.br\\\/blog\\\/#organization\"},\"potentialAction\":[{\"@type\":\"SearchAction\",\"target\":{\"@type\":\"EntryPoint\",\"urlTemplate\":\"https:\\\/\\\/vexpenses.com.br\\\/blog\\\/?s={search_term_string}\"},\"query-input\":{\"@type\":\"PropertyValueSpecification\",\"valueRequired\":true,\"valueName\":\"search_term_string\"}}],\"inLanguage\":\"pt-BR\"},{\"@type\":\"Organization\",\"@id\":\"https:\\\/\\\/vexpenses.com.br\\\/blog\\\/#organization\",\"name\":\"Blog\",\"url\":\"https:\\\/\\\/vexpenses.com.br\\\/blog\\\/\",\"logo\":{\"@type\":\"ImageObject\",\"inLanguage\":\"pt-BR\",\"@id\":\"https:\\\/\\\/vexpenses.com.br\\\/blog\\\/#\\\/schema\\\/logo\\\/image\\\/\",\"url\":\"https:\\\/\\\/vexpenses.com.br\\\/blog\\\/wp-content\\\/uploads\\\/2025\\\/08\\\/logo-vr-alt.png\",\"contentUrl\":\"https:\\\/\\\/vexpenses.com.br\\\/blog\\\/wp-content\\\/uploads\\\/2025\\\/08\\\/logo-vr-alt.png\",\"width\":709,\"height\":230,\"caption\":\"Blog\"},\"image\":{\"@id\":\"https:\\\/\\\/vexpenses.com.br\\\/blog\\\/#\\\/schema\\\/logo\\\/image\\\/\"}},{\"@type\":\"Person\",\"@id\":\"https:\\\/\\\/vexpenses.com.br\\\/blog\\\/#\\\/schema\\\/person\\\/2e0c3617e06031cd5fe3b3b7c4b9e3f0\",\"name\":\"Thais Fartes\",\"image\":{\"@type\":\"ImageObject\",\"inLanguage\":\"pt-BR\",\"@id\":\"https:\\\/\\\/vexpenses.com.br\\\/blog\\\/wp-content\\\/uploads\\\/2025\\\/06\\\/avatar_user_39_1749735186-96x96.png\",\"url\":\"https:\\\/\\\/vexpenses.com.br\\\/blog\\\/wp-content\\\/uploads\\\/2025\\\/06\\\/avatar_user_39_1749735186-96x96.png\",\"contentUrl\":\"https:\\\/\\\/vexpenses.com.br\\\/blog\\\/wp-content\\\/uploads\\\/2025\\\/06\\\/avatar_user_39_1749735186-96x96.png\",\"caption\":\"Thais Fartes\"},\"description\":\"Sou formada em Engenharia Metal\u00fargica e, h\u00e1 11 anos, produzo conte\u00fados que traduzem finan\u00e7as corporativas e gest\u00e3o de despesas em decis\u00f5es pr\u00e1ticas. Escrevo para o blog da VExpenses com o objetivo de criar materiais para times financeiros que precisam unir dados e execu\u00e7\u00e3o no dia a dia.\",\"url\":\"https:\\\/\\\/vexpenses.com.br\\\/blog\\\/author\\\/thaisfartes\\\/\"}]}<\/script>\n<!-- \/ Yoast SEO plugin. -->","yoast_head_json":{"title":"Rateio de despesas por centro de custo: automatizar a atribui\u00e7\u00e3o","description":"Por que o rateio por centro de custo sobra para o fechamento, como definir o recorte da empresa e fazer a despesa j\u00e1 nascer com projeto, obra ou cliente.","robots":{"index":"index","follow":"follow","max-snippet":"max-snippet:-1","max-image-preview":"max-image-preview:large","max-video-preview":"max-video-preview:-1"},"canonical":"https:\/\/vexpenses.com.br\/blog\/rateio-de-despesas-centro-custo\/","og_locale":"pt_BR","og_type":"article","og_title":"Rateio de despesas por centro de custo: automatizar a atribui\u00e7\u00e3o","og_description":"Por que o rateio por centro de custo sobra para o fechamento, como definir o recorte da empresa e fazer a despesa j\u00e1 nascer com projeto, obra ou cliente.","og_url":"https:\/\/vexpenses.com.br\/blog\/rateio-de-despesas-centro-custo\/","og_site_name":"Blog","article_published_time":"2026-09-02T17:44:19+00:00","article_modified_time":"2026-09-02T17:47:34+00:00","og_image":[{"width":1551,"height":618,"url":"https:\/\/vexpenses.com.br\/blog\/wp-content\/uploads\/2026\/09\/vexpenses_capa_blog_fevereiro_2026-3-_5_-1.webp","type":"image\/webp"}],"author":"Thais Fartes","twitter_card":"summary_large_image","twitter_misc":{"Escrito por":"Thais Fartes","Est. tempo de leitura":"13 minutos"},"schema":{"@context":"https:\/\/schema.org","@graph":[{"@type":"Article","@id":"https:\/\/vexpenses.com.br\/blog\/rateio-de-despesas-centro-custo\/#article","isPartOf":{"@id":"https:\/\/vexpenses.com.br\/blog\/rateio-de-despesas-centro-custo\/"},"author":{"name":"Thais Fartes","@id":"https:\/\/vexpenses.com.br\/blog\/#\/schema\/person\/2e0c3617e06031cd5fe3b3b7c4b9e3f0"},"headline":"Rateio de despesas por centro de custo: como parar de classificar tudo no fim do m\u00eas","datePublished":"2026-09-02T17:44:19+00:00","dateModified":"2026-09-02T17:47:34+00:00","mainEntityOfPage":{"@id":"https:\/\/vexpenses.com.br\/blog\/rateio-de-despesas-centro-custo\/"},"wordCount":2582,"commentCount":0,"publisher":{"@id":"https:\/\/vexpenses.com.br\/blog\/#organization"},"image":{"@id":"https:\/\/vexpenses.com.br\/blog\/rateio-de-despesas-centro-custo\/#primaryimage"},"thumbnailUrl":"https:\/\/vexpenses.com.br\/blog\/wp-content\/uploads\/2026\/09\/vexpenses_capa_blog_fevereiro_2026-3-_5_-1.webp","keywords":["centro de custos","rateio de despesas","rateio de despesas por centro de custos","rateio por centro de custos"],"articleSection":["Despesas Corporativas"],"inLanguage":"pt-BR","potentialAction":[{"@type":"CommentAction","name":"Comment","target":["https:\/\/vexpenses.com.br\/blog\/rateio-de-despesas-centro-custo\/#respond"]}]},{"@type":"WebPage","@id":"https:\/\/vexpenses.com.br\/blog\/rateio-de-despesas-centro-custo\/","url":"https:\/\/vexpenses.com.br\/blog\/rateio-de-despesas-centro-custo\/","name":"Rateio de despesas por centro de custo: automatizar a atribui\u00e7\u00e3o","isPartOf":{"@id":"https:\/\/vexpenses.com.br\/blog\/#website"},"primaryImageOfPage":{"@id":"https:\/\/vexpenses.com.br\/blog\/rateio-de-despesas-centro-custo\/#primaryimage"},"image":{"@id":"https:\/\/vexpenses.com.br\/blog\/rateio-de-despesas-centro-custo\/#primaryimage"},"thumbnailUrl":"https:\/\/vexpenses.com.br\/blog\/wp-content\/uploads\/2026\/09\/vexpenses_capa_blog_fevereiro_2026-3-_5_-1.webp","datePublished":"2026-09-02T17:44:19+00:00","dateModified":"2026-09-02T17:47:34+00:00","description":"Por que o rateio por centro de custo sobra para o fechamento, como definir o recorte da empresa e fazer a despesa j\u00e1 nascer com projeto, obra ou cliente.","breadcrumb":{"@id":"https:\/\/vexpenses.com.br\/blog\/rateio-de-despesas-centro-custo\/#breadcrumb"},"inLanguage":"pt-BR","potentialAction":[{"@type":"ReadAction","target":["https:\/\/vexpenses.com.br\/blog\/rateio-de-despesas-centro-custo\/"]}]},{"@type":"ImageObject","inLanguage":"pt-BR","@id":"https:\/\/vexpenses.com.br\/blog\/rateio-de-despesas-centro-custo\/#primaryimage","url":"https:\/\/vexpenses.com.br\/blog\/wp-content\/uploads\/2026\/09\/vexpenses_capa_blog_fevereiro_2026-3-_5_-1.webp","contentUrl":"https:\/\/vexpenses.com.br\/blog\/wp-content\/uploads\/2026\/09\/vexpenses_capa_blog_fevereiro_2026-3-_5_-1.webp","width":1551,"height":618},{"@type":"BreadcrumbList","@id":"https:\/\/vexpenses.com.br\/blog\/rateio-de-despesas-centro-custo\/#breadcrumb","itemListElement":[{"@type":"ListItem","position":1,"name":"In\u00edcio","item":"https:\/\/vexpenses.com.br\/blog\/"},{"@type":"ListItem","position":2,"name":"Rateio de despesas por centro de custo: como parar de classificar tudo no fim do m\u00eas"}]},{"@type":"WebSite","@id":"https:\/\/vexpenses.com.br\/blog\/#website","url":"https:\/\/vexpenses.com.br\/blog\/","name":"Blog","description":"Blog VExpenses","publisher":{"@id":"https:\/\/vexpenses.com.br\/blog\/#organization"},"potentialAction":[{"@type":"SearchAction","target":{"@type":"EntryPoint","urlTemplate":"https:\/\/vexpenses.com.br\/blog\/?s={search_term_string}"},"query-input":{"@type":"PropertyValueSpecification","valueRequired":true,"valueName":"search_term_string"}}],"inLanguage":"pt-BR"},{"@type":"Organization","@id":"https:\/\/vexpenses.com.br\/blog\/#organization","name":"Blog","url":"https:\/\/vexpenses.com.br\/blog\/","logo":{"@type":"ImageObject","inLanguage":"pt-BR","@id":"https:\/\/vexpenses.com.br\/blog\/#\/schema\/logo\/image\/","url":"https:\/\/vexpenses.com.br\/blog\/wp-content\/uploads\/2025\/08\/logo-vr-alt.png","contentUrl":"https:\/\/vexpenses.com.br\/blog\/wp-content\/uploads\/2025\/08\/logo-vr-alt.png","width":709,"height":230,"caption":"Blog"},"image":{"@id":"https:\/\/vexpenses.com.br\/blog\/#\/schema\/logo\/image\/"}},{"@type":"Person","@id":"https:\/\/vexpenses.com.br\/blog\/#\/schema\/person\/2e0c3617e06031cd5fe3b3b7c4b9e3f0","name":"Thais Fartes","image":{"@type":"ImageObject","inLanguage":"pt-BR","@id":"https:\/\/vexpenses.com.br\/blog\/wp-content\/uploads\/2025\/06\/avatar_user_39_1749735186-96x96.png","url":"https:\/\/vexpenses.com.br\/blog\/wp-content\/uploads\/2025\/06\/avatar_user_39_1749735186-96x96.png","contentUrl":"https:\/\/vexpenses.com.br\/blog\/wp-content\/uploads\/2025\/06\/avatar_user_39_1749735186-96x96.png","caption":"Thais Fartes"},"description":"Sou formada em Engenharia Metal\u00fargica e, h\u00e1 11 anos, produzo conte\u00fados que traduzem finan\u00e7as corporativas e gest\u00e3o de despesas em decis\u00f5es pr\u00e1ticas. Escrevo para o blog da VExpenses com o objetivo de criar materiais para times financeiros que precisam unir dados e execu\u00e7\u00e3o no dia a dia.","url":"https:\/\/vexpenses.com.br\/blog\/author\/thaisfartes\/"}]}},"acf":[],"_links":{"self":[{"href":"https:\/\/vexpenses.com.br\/blog\/wp-json\/wp\/v2\/posts\/45408","targetHints":{"allow":["GET"]}}],"collection":[{"href":"https:\/\/vexpenses.com.br\/blog\/wp-json\/wp\/v2\/posts"}],"about":[{"href":"https:\/\/vexpenses.com.br\/blog\/wp-json\/wp\/v2\/types\/post"}],"author":[{"embeddable":true,"href":"https:\/\/vexpenses.com.br\/blog\/wp-json\/wp\/v2\/users\/39"}],"replies":[{"embeddable":true,"href":"https:\/\/vexpenses.com.br\/blog\/wp-json\/wp\/v2\/comments?post=45408"}],"version-history":[{"count":2,"href":"https:\/\/vexpenses.com.br\/blog\/wp-json\/wp\/v2\/posts\/45408\/revisions"}],"predecessor-version":[{"id":45412,"href":"https:\/\/vexpenses.com.br\/blog\/wp-json\/wp\/v2\/posts\/45408\/revisions\/45412"}],"wp:featuredmedia":[{"embeddable":true,"href":"https:\/\/vexpenses.com.br\/blog\/wp-json\/wp\/v2\/media\/45409"}],"wp:attachment":[{"href":"https:\/\/vexpenses.com.br\/blog\/wp-json\/wp\/v2\/media?parent=45408"}],"wp:term":[{"taxonomy":"category","embeddable":true,"href":"https:\/\/vexpenses.com.br\/blog\/wp-json\/wp\/v2\/categories?post=45408"},{"taxonomy":"post_tag","embeddable":true,"href":"https:\/\/vexpenses.com.br\/blog\/wp-json\/wp\/v2\/tags?post=45408"},{"taxonomy":"funil","embeddable":true,"href":"https:\/\/vexpenses.com.br\/blog\/wp-json\/wp\/v2\/funil?post=45408"},{"taxonomy":"jornada","embeddable":true,"href":"https:\/\/vexpenses.com.br\/blog\/wp-json\/wp\/v2\/jornada?post=45408"},{"taxonomy":"persona","embeddable":true,"href":"https:\/\/vexpenses.com.br\/blog\/wp-json\/wp\/v2\/persona?post=45408"},{"taxonomy":"objetivo","embeddable":true,"href":"https:\/\/vexpenses.com.br\/blog\/wp-json\/wp\/v2\/objetivo?post=45408"},{"taxonomy":"assunto","embeddable":true,"href":"https:\/\/vexpenses.com.br\/blog\/wp-json\/wp\/v2\/assunto?post=45408"}],"curies":[{"name":"wp","href":"https:\/\/api.w.org\/{rel}","templated":true}]}}