{"id":45414,"date":"2026-09-04T16:33:07","date_gmt":"2026-09-04T19:33:07","guid":{"rendered":"https:\/\/vexpenses.com.br\/blog\/?p=45414"},"modified":"2026-09-04T16:38:41","modified_gmt":"2026-09-04T19:38:41","slug":"gestao-despesas-viagem-corporativa","status":"publish","type":"post","link":"https:\/\/vexpenses.com.br\/blog\/gestao-despesas-viagem-corporativa\/","title":{"rendered":"Gest\u00e3o de despesas em viagem corporativa: do pedido \u00e0 presta\u00e7\u00e3o de contas"},"content":{"rendered":"\n<p class=\"wp-block-paragraph\"><strong><em>A gest\u00e3o de despesas em viagem corporativa \u00e9 o processo que conecta solicita\u00e7\u00e3o, aprova\u00e7\u00e3o, reservas, pagamentos e presta\u00e7\u00e3o de contas em um \u00fanico fluxo, permitindo acompanhar o custo real de cada deslocamento antes, durante e depois da viagem.<\/em><\/strong><\/p>\n\n\n\n<p class=\"wp-block-paragraph\">A gest\u00e3o de despesas em viagem corporativa costuma revelar seu ponto fraco em uma pergunta simples feita no fechamento do m\u00eas: \u201c<em>Quanto custou a viagem do time comercial a S\u00e3o Paulo?\u201d<\/em> A passagem est\u00e1 na nota fiscal da ag\u00eancia, a hospedagem aparece na fatura do cart\u00e3o de um gestor e os gastos com transporte e alimenta\u00e7\u00e3o ainda n\u00e3o chegaram, porque o colaborador n\u00e3o enviou o relat\u00f3rio.<\/p>\n\n\n\n<p class=\"wp-block-paragraph\">Cada uma dessas informa\u00e7\u00f5es estava dispon\u00edvel no momento em que a despesa aconteceu. Como cada etapa foi registrada em um lugar diferente, <strong>o financeiro s\u00f3 consegue enxergar o custo completo depois que a viagem terminou<\/strong> e todos os lan\u00e7amentos foram recebidos.<\/p>\n\n\n\n<p class=\"wp-block-paragraph\">Neste artigo, voc\u00ea vai ver como estruturar esse processo para que reservas, pagamentos e comprovantes acompanhem a mesma viagem, do pedido inicial at\u00e9 a concilia\u00e7\u00e3o. Aproveite a leitura!<\/p>\n\n\n\n<h2 class=\"wp-block-heading\"><strong>Para levar em conta<\/strong><\/h2>\n\n\n\n<ul class=\"wp-block-list\">\n<li><em>A viagem corporativa \u00e9 uma das despesas mais fragmentadas da empresa, porque re\u00fane v\u00e1rios fornecedores, formas de pagamento distintas e decis\u00f5es de gasto tomadas fora do escrit\u00f3rio.<\/em><\/li>\n\n\n\n<li><em>O controle efetivo come\u00e7a antes do embarque, com solicita\u00e7\u00e3o estruturada, aprova\u00e7\u00e3o por pol\u00edtica e defini\u00e7\u00e3o pr\u00e9via do meio de pagamento de cada tipo de gasto.<\/em><\/li>\n\n\n\n<li><em>Registrar despesas e comprovantes durante a viagem reduz perda de documentos, lan\u00e7amentos tardios e o risco de o colaborador perder o prazo de reembolso.<\/em><\/li>\n\n\n\n<li><em>Agrupar reservas e gastos pelo deslocamento que os originou transforma a presta\u00e7\u00e3o de contas em confer\u00eancia, e n\u00e3o em reconstru\u00e7\u00e3o manual de informa\u00e7\u00f5es espalhadas.<\/em><\/li>\n\n\n\n<li><em>Uma plataforma de gest\u00e3o de viagens e despesas deve ser avaliada pela capacidade de cobrir a jornada de ponta a ponta, e n\u00e3o pela quantidade de funcionalidades isoladas.<\/em><\/li>\n<\/ul>\n\n\n\n<h2 class=\"wp-block-heading\">Por que as despesas de viagem ficam fragmentadas?<\/h2>\n\n\n\n<p class=\"wp-block-paragraph\">A fragmenta\u00e7\u00e3o raramente decorre de falta de controle. Cada etapa da viagem costuma ser distribu\u00edda entre processos independentes, como compras, contas a pagar e reembolsos.&nbsp;<\/p>\n\n\n\n<p class=\"wp-block-paragraph\">Nenhum desses processos foi desenhado para enxergar a viagem inteira. O resultado \u00e9 uma <a href=\"https:\/\/vexpenses.com.br\/blog\/gestao-de-despesas-retroativa-vs-proativa\/\">gest\u00e3o retroativa<\/a>, em que o custo total s\u00f3 aparece semanas depois do retorno. Veja onde essa desconex\u00e3o se forma e quem sente o impacto dela.<\/p>\n\n\n\n<h3 class=\"wp-block-heading\">Reservas e despesas em processos separados<\/h3>\n\n\n\n<p class=\"wp-block-paragraph\">A reserva \u00e9 registrada semanas antes do embarque, no sistema de quem comprou, e conciliada pela nota fiscal do fornecedor. Os gastos realizados durante a viagem, como alimenta\u00e7\u00e3o e transporte, entram depois do retorno.<\/p>\n\n\n\n<p class=\"wp-block-paragraph\">Cada registro carrega um identificador pr\u00f3prio \u2014 n\u00famero da reserva, n\u00famero da nota, linha na fatura \u2014 e <strong>nenhum deles informa qual viagem originou aquele gasto<\/strong> nem para qual <a href=\"https:\/\/vexpenses.com.br\/blog\/centro-de-custo\/?utm_campaign=linkinterno&amp;utm_content=gestao-de-despesas-em-viagem-corporativa\">centro de custo<\/a> ele deveria ir. Reunir tudo depende de um cruzamento manual, quase sempre feito em planilha.<\/p>\n\n\n\n<h3 class=\"wp-block-heading\">O impacto para financeiro e colaborador<\/h3>\n\n\n\n<p class=\"wp-block-paragraph\">Para o financeiro, o impacto aparece em retrabalho e lan\u00e7amentos tardios: quando a diretoria pede o gasto m\u00e9dio por destino, o n\u00famero precisa ser montado a partir de fontes diferentes. Para o colaborador, o efeito \u00e9 mais direto, porque ele adianta dinheiro pr\u00f3prio e depende da mem\u00f3ria para lan\u00e7ar tudo depois do retorno.<\/p>\n\n\n\n<p class=\"wp-block-paragraph\"><strong>Quanto maior a dist\u00e2ncia entre o gasto e a presta\u00e7\u00e3o de contas, maior o risco de perder um comprovante ou o prazo de envio<\/strong>, o que vira reembolso atrasado ou negado e faz a pol\u00edtica de viagens corporativas perder ades\u00e3o.<\/p>\n\n\n\n<h2 class=\"wp-block-heading\">O que \u00e9 gest\u00e3o de despesas em viagem corporativa?<\/h2>\n\n\n\n<p class=\"wp-block-paragraph\">A gest\u00e3o de despesas em viagem corporativa \u00e9 o conjunto de processos que acompanha um <a href=\"https:\/\/vexpenses.com.br\/blog\/viagem-a-trabalho\/?utm_campaign=linkinterno&amp;utm_content=gestao-de-despesas-em-viagem-corporativa\">deslocamento a trabalho<\/a> da solicita\u00e7\u00e3o at\u00e9 a concilia\u00e7\u00e3o cont\u00e1bil. <strong>O processo n\u00e3o come\u00e7a nos comprovantes<\/strong>: come\u00e7a quando a viagem \u00e9 pedida e termina quando reservas, pagamentos, reembolsos e saldos est\u00e3o conferidos.<\/p>\n\n\n\n<p class=\"wp-block-paragraph\">Na pr\u00e1tica, significa conectar sete etapas sob a mesma refer\u00eancia: solicita\u00e7\u00e3o, aprova\u00e7\u00e3o, reserva, pagamento, registro da despesa, presta\u00e7\u00e3o de contas e concilia\u00e7\u00e3o.<\/p>\n\n\n\n<h3 class=\"wp-block-heading\">Da solicita\u00e7\u00e3o \u00e0 presta\u00e7\u00e3o de contas<\/h3>\n\n\n\n<p class=\"wp-block-paragraph\">Cada etapa produz informa\u00e7\u00f5es que deveriam seguir junto com a viagem: a solicita\u00e7\u00e3o define destino, centro de custo e estimativa; a aprova\u00e7\u00e3o registra quem autorizou e sob qual limite; a reserva acrescenta fornecedor e valor. <strong>O que sustenta essa cadeia \u00e9 o reaproveitamento autom\u00e1tico dos dados entre as etapas.<\/strong><\/p>\n\n\n\n<p class=\"wp-block-paragraph\">Quando os campos s\u00e3o preenchidos uma vez e acompanham reserva, despesa e comprovante, cada lan\u00e7amento chega ao financeiro j\u00e1 classificado. Quando cada sistema pede a mesma informa\u00e7\u00e3o de novo, a classifica\u00e7\u00e3o passa a depender de quem digita.<\/p>\n\n\n\n<h3 class=\"wp-block-heading\">Por que centralizar a jornada de viagem?<\/h3>\n\n\n\n<p class=\"wp-block-paragraph\"><strong>O ganho mais direto da centraliza\u00e7\u00e3o est\u00e1 no momento em que a empresa consegue agir.<\/strong> Com a estimativa aprovada e os gastos efetivos no mesmo registro, um desvio aparece enquanto a viagem ainda est\u00e1 em curso, com tempo de ser tratado antes do fechamento.<\/p>\n\n\n\n<p class=\"wp-block-paragraph\">H\u00e1 tamb\u00e9m um efeito sobre quem viaja: regras aplicadas no in\u00edcio do processo reduzem a chance de o colaborador descobrir que um gasto n\u00e3o seria aceito apenas na hora de solicitar o reembolso.<\/p>\n\n\n\n<h2 class=\"wp-block-heading\">Antes da viagem: como organizar o processo<\/h2>\n\n\n\n<p class=\"wp-block-paragraph\">O per\u00edodo anterior \u00e0 viagem \u00e9 o \u00fanico em que a empresa atua de forma preventiva. Depois que as compras come\u00e7am, as possibilidades de preven\u00e7\u00e3o diminuem, e o processo passa a exigir mais acompanhamento e confer\u00eancia.<\/p>\n\n\n\n<p class=\"wp-block-paragraph\">Antes disso, ainda cabe questionar a necessidade do deslocamento, ajustar o or\u00e7amento e definir quem aprova o qu\u00ea. Quatro etapas tornam esse controle preventivo poss\u00edvel. Confira!<\/p>\n\n\n\n<h3 class=\"wp-block-heading\">Solicita\u00e7\u00e3o da viagem<\/h3>\n\n\n\n<p class=\"wp-block-paragraph\">Uma solicita\u00e7\u00e3o estruturada re\u00fane destino, per\u00edodo, motivo, centro de custo, projeto e estimativa de despesas em um \u00fanico registro. Pedidos que circulam por mensagens e e-mails precisam ser transcritos por algu\u00e9m, para haver centraliza\u00e7\u00e3o, e podem perder informa\u00e7\u00e3o no caminho. Sem centro de custo no pedido, por exemplo, a classifica\u00e7\u00e3o acaba decidida no fechamento, por dedu\u00e7\u00e3o.<\/p>\n\n\n\n<h3 class=\"wp-block-heading\">Aprova\u00e7\u00e3o por pol\u00edtica e al\u00e7adas<\/h3>\n\n\n\n<p class=\"wp-block-paragraph\">A <a href=\"https:\/\/vexpenses.com.br\/blog\/politica-de-despesas-corporativas\/?utm_campaign=linkinterno&amp;utm_content=gestao-de-despesas-em-viagem-corporativa\">pol\u00edtica de despesas<\/a> aplicada a viagens define os par\u00e2metros: classes permitidas, limites por di\u00e1ria e por refei\u00e7\u00e3o, anteced\u00eancia m\u00ednima de compra e categorias reembols\u00e1veis. J\u00e1 as <a href=\"https:\/\/vexpenses.com.br\/blog\/alcada-de-aprovacao\/?utm_campaign=linkinterno&amp;utm_content=gestao-de-despesas-em-viagem-corporativa\">al\u00e7adas de aprova\u00e7\u00e3o<\/a> definem quem decide, encaminhando viagens internacionais ou valores acima de um teto para um n\u00edvel adicional.<\/p>\n\n\n\n<p class=\"wp-block-paragraph\"><strong>O ponto cr\u00edtico \u00e9 a ordem<\/strong>: com a passagem j\u00e1 emitida, a aprova\u00e7\u00e3o vira homologa\u00e7\u00e3o de um custo existente. Registrar quem aprovou, quando e sob qual limite tamb\u00e9m resolve boa parte das d\u00favidas de auditoria meses depois.<\/p>\n\n\n\n<h3 class=\"wp-block-heading\">Ag\u00eancia e reservas no mesmo fluxo<\/h3>\n\n\n\n<p class=\"wp-block-paragraph\">Com a viagem aprovada, passagem, hospedagem e loca\u00e7\u00e3o entram como itens desse mesmo registro, carregando o centro de custo definido na solicita\u00e7\u00e3o, independentemente de quem executa a compra ou de a empresa usar ag\u00eancia ou <a href=\"https:\/\/vexpenses.com.br\/blog\/obt\/?utm_campaign=linkinterno&amp;utm_content=gestao-de-despesas-em-viagem-corporativa\">OBT<\/a>. Sem esse v\u00ednculo, \u00e9 poss\u00edvel aprovar um roteiro de tr\u00eas dias e emitir passagem para cinco sem que ningu\u00e9m perceba o erro at\u00e9 a concilia\u00e7\u00e3o.<\/p>\n\n\n\n<p class=\"wp-block-paragraph\"><strong>Com a reserva dentro do fluxo, os desvios aparecem no momento das compras<\/strong> e o valor reservado j\u00e1 comp\u00f5e o custo da viagem antes do embarque.<\/p>\n\n\n\n<figure class=\"wp-block-image size-full\"><a href=\"https:\/\/vexpenses.com.br\/produtos\/viagens-corporativas?utm_source=blog&amp;utm_medium=organic&amp;utm_campaign=banner15&amp;utm_content=gestao-despesas-viagem-corporativa\" target=\"_blank\" rel=\" noopener\"><img loading=\"lazy\" decoding=\"async\" width=\"1024\" height=\"250\" src=\"https:\/\/vexpenses.com.br\/blog\/wp-content\/uploads\/2025\/01\/2025-12-11_social-media_blog_banner-meio_viagens-01.webp\" alt=\"\" class=\"wp-image-42850\" srcset=\"https:\/\/vexpenses.com.br\/blog\/wp-content\/uploads\/2025\/01\/2025-12-11_social-media_blog_banner-meio_viagens-01.webp 1024w, https:\/\/vexpenses.com.br\/blog\/wp-content\/uploads\/2025\/01\/2025-12-11_social-media_blog_banner-meio_viagens-01-300x73.webp 300w, https:\/\/vexpenses.com.br\/blog\/wp-content\/uploads\/2025\/01\/2025-12-11_social-media_blog_banner-meio_viagens-01-768x188.webp 768w\" sizes=\"auto, (max-width: 1024px) 100vw, 1024px\" \/><\/a><\/figure>\n\n\n\n<h3 class=\"wp-block-heading\">Defini\u00e7\u00e3o do meio de pagamento<\/h3>\n\n\n\n<p class=\"wp-block-paragraph\">Ainda antes da viagem, a empresa precisa definir como cada tipo de gasto ser\u00e1 pago: com <a href=\"https:\/\/vexpenses.com.br\/blog\/cartao-corporativo\/\">cart\u00e3o corporativo<\/a>, reembolso de viagem corporativa e adiantamento de viagem, isolados ou combinados no mesmo deslocamento.<\/p>\n\n\n\n<p class=\"wp-block-paragraph\"><strong>O colaborador embarca sabendo o que pode pagar com o cart\u00e3o e o que precisa custear para solicitar depois<\/strong>; o financeiro j\u00e1 sabe o que chegar\u00e1 como fatura e o que virar\u00e1 reembolso. Deixar a decis\u00e3o para o momento do gasto transfere a quem viaja uma escolha com impacto cont\u00e1bil e de caixa.<\/p>\n\n\n\n<p class=\"wp-block-paragraph\"><em>[Diagn\u00f3stico interativo] Acesse o<\/em> <a href=\"https:\/\/vexpenses.com.br\/diagnostico-de-maturidade?utm_source=blog&amp;utm_medium=organic&amp;utm_campaign=ancora&amp;utm_content=gestao-despesas-viagem-corporativa\"><strong><em>Diagn\u00f3stico de Maturidade da Gest\u00e3o de Despesas Corporativas<\/em><\/strong><\/a> <em>para avaliar o n\u00edvel de controle da sua empresa e identificar os gargalos que atrasam o fechamento.<\/em><\/p>\n\n\n\n<h2 class=\"wp-block-heading\">Durante a viagem: pagamento e registro das despesas<\/h2>\n\n\n\n<p class=\"wp-block-paragraph\">Durante a viagem, as decis\u00f5es de gasto acontecem longe do financeiro e em sequ\u00eancia r\u00e1pida. O objetivo desta etapa \u00e9 <strong>registrar e relacionar cada gasto \u00e0 viagem conforme ele acontece<\/strong>, em vez de tratar tudo como um bloco de informa\u00e7\u00f5es a processar no retorno.<\/p>\n\n\n\n<p class=\"wp-block-paragraph\">Isso depende da forma de pagamento escolhida, do momento do registro e da capacidade de manter reservas e despesas na mesma vis\u00e3o. Acompanhe!<\/p>\n\n\n\n<h3 class=\"wp-block-heading\">Cart\u00e3o, reembolso ou adiantamento?<\/h3>\n\n\n\n<p class=\"wp-block-paragraph\">A escolha entre os meios de pagamento se orienta pela previsibilidade do gasto, pelo valor envolvido, pela aceita\u00e7\u00e3o do cart\u00e3o no destino e pelo impacto no caixa pessoal de quem viaja:<\/p>\n\n\n\n<ul class=\"wp-block-list\">\n<li><strong>cart\u00e3o corporativo:<\/strong> indicado para despesas previs\u00edveis e de valor mais alto, como hospedagem e combust\u00edvel, porque os dados chegam pela fatura sem passar pelo bolso do colaborador;<\/li>\n\n\n\n<li><strong>reembolso:<\/strong> adequado a despesas eventuais ou de valor menor, e depende de prazo claro de pagamento por envolver dinheiro do pr\u00f3prio colaborador;<\/li>\n\n\n\n<li><strong>adiantamento:<\/strong> usado quando n\u00e3o \u00e9 razo\u00e1vel esperar que o colaborador custeie os gastos, seja pelo valor envolvido, seja pelo perfil do destino.<\/li>\n<\/ul>\n\n\n\n<h3 class=\"wp-block-heading\">Registro no momento da despesa<\/h3>\n\n\n\n<p class=\"wp-block-paragraph\">Registrar a despesa na hora em que ela ocorre, com foto do comprovante, categoria e valor, elimina a maior parte dos problemas do fechamento: esquecimento, perda de documentos e lan\u00e7amentos gen\u00e9ricos que depois exigem explica\u00e7\u00e3o.<\/p>\n\n\n\n<p class=\"wp-block-paragraph\">Com os registros chegando pelo <a href=\"https:\/\/vexpenses.com.br\/blog\/aplicativo-de-prestacao-de-contas\/?utm_campaign=linkinterno&amp;utm_content=gestao-de-despesas-em-viagem-corporativa\">aplicativo de presta\u00e7\u00e3o de contas<\/a> ao longo da viagem, <strong>o financeiro acompanha o consumo do or\u00e7amento com o deslocamento ainda em curso<\/strong>. D\u00favidas resolvidas na hora tamb\u00e9m custam menos, porque o colaborador ainda lembra o contexto e tem o comprovante em m\u00e3os.<\/p>\n\n\n\n<h3 class=\"wp-block-heading\">Despesas e reservas na mesma viagem<\/h3>\n\n\n\n<p class=\"wp-block-paragraph\">Alimenta\u00e7\u00e3o, transporte e estacionamento precisam conviver com passagens e reservas dentro da mesma vis\u00e3o da viagem, mesmo quando cada item \u00e9 pago de uma forma diferente.<\/p>\n\n\n\n<p class=\"wp-block-paragraph\"><strong>O elemento que unifica esses registros \u00e9 o deslocamento a que pertencem<\/strong>, ainda que cada um siga um caminho de liquida\u00e7\u00e3o pr\u00f3prio. Com isso, o financeiro acompanha um registro com valor comprometido e valor realizado, atualizado conforme os lan\u00e7amentos entram, e exce\u00e7\u00f5es como uma hospedagem estendida sem altera\u00e7\u00e3o na passagem ficam vis\u00edveis no contexto certo.<\/p>\n\n\n\n<h2 class=\"wp-block-heading\">Depois da viagem: presta\u00e7\u00e3o de contas e concilia\u00e7\u00e3o<\/h2>\n\n\n\n<p class=\"wp-block-paragraph\">O p\u00f3s-viagem deve funcionar como fechamento e confer\u00eancia. Se solicita\u00e7\u00e3o, aprova\u00e7\u00e3o, reservas e despesas foram registradas nos momentos certos, vai restar apenas validar o que existe, tratar exce\u00e7\u00f5es e liquidar valores.<\/p>\n\n\n\n<p class=\"wp-block-paragraph\"><strong>Quanto mais informa\u00e7\u00e3o for capturada antes e durante, menor o esfor\u00e7o nesta etapa.<\/strong> Veja as tr\u00eas atividades que comp\u00f5em esse fechamento.<\/p>\n\n\n\n<h3 class=\"wp-block-heading\">Presta\u00e7\u00e3o de contas por viagem<\/h3>\n\n\n\n<p class=\"wp-block-paragraph\">Agrupar as despesas pelo deslocamento que as originou re\u00fane, em um \u00fanico conjunto, reservas, gastos realizados, comprovantes e a estimativa aprovada. <strong>Isso muda o trabalho do aprovador<\/strong>, que analisa a viagem completa contra o que havia sido autorizado, em vez de validar linhas isoladas.<\/p>\n\n\n\n<p class=\"wp-block-paragraph\">Para o financeiro, o <strong>agrupamento elimina o cruzamento entre fatura, nota da ag\u00eancia e relat\u00f3rio de reembolso<\/strong>, e deixa um hist\u00f3rico consult\u00e1vel por viagem.<\/p>\n\n\n\n<h3 class=\"wp-block-heading\">Reembolso e acerto de adiantamentos<\/h3>\n\n\n\n<p class=\"wp-block-paragraph\">Os valores pagos pelo colaborador precisam gerar reembolso com prazo definido e status vis\u00edvel, o que reduz cobran\u00e7as diretas ao financeiro. O acerto de adiantamentos segue outra l\u00f3gica: confrontar o valor concedido com o efetivamente gasto e comprovado, com devolu\u00e7\u00e3o de saldo ou complemento a pagar.<\/p>\n\n\n\n<p class=\"wp-block-paragraph\">Em ambos os casos, o acerto precisa estar vinculado \u00e0 mesma viagem. <strong>Uma viagem s\u00f3 est\u00e1 encerrada quando n\u00e3o h\u00e1 comprovante pendente, reembolso a pagar nem saldo de adiantamento a devolver ou complementar.<\/strong><\/p>\n\n\n\n<h3 class=\"wp-block-heading\">Concilia\u00e7\u00e3o do custo total<\/h3>\n\n\n\n<p class=\"wp-block-paragraph\">A concilia\u00e7\u00e3o re\u00fane reservas e gastos realizados e compara esse total com as fontes externas: fatura do cart\u00e3o, notas fiscais da ag\u00eancia e comprovantes enviados. \u00c9 nesse momento que <strong>diverg\u00eancias de valor, cobran\u00e7as duplicadas e despesas sem comprovante ou justificativa<\/strong> ficam vis\u00edveis.<\/p>\n\n\n\n<p class=\"wp-block-paragraph\">Registrar o motivo de cada gasto fora da pol\u00edtica permite distinguir uma exce\u00e7\u00e3o pontual de um limite defasado para aquele destino. Com alguns meses de dados conciliados, aparecem <strong>padr\u00f5es que alimentam a revis\u00e3o da pol\u00edtica<\/strong>, como o efeito da anteced\u00eancia de compra no pre\u00e7o m\u00e9dio.<\/p>\n\n\n\n<p class=\"wp-block-paragraph\"><em>[E-book exclusivo] Conhe\u00e7a as melhores pr\u00e1ticas de governan\u00e7a e aloca\u00e7\u00e3o or\u00e7ament\u00e1ria com o<\/em> <a href=\"https:\/\/material.vexpenses.com\/guia-do-cfo-para-gerenciamento-de-gastos\/?utm_source=blog&amp;utm_medium=organic&amp;utm_campaign=ancora&amp;utm_content=gestao-despesas-viagem-corporativa\"><strong><em>Guia do CFO para Gerenciamento de Gastos<\/em><\/strong><\/a> <em>e tome decis\u00f5es financeiras baseadas em dados confi\u00e1veis.<\/em><\/p>\n\n\n\n<h2 class=\"wp-block-heading\">Como centralizar a gest\u00e3o de viagens corporativas?<\/h2>\n\n\n\n<p class=\"wp-block-paragraph\">Centralizar significa manter uma \u00fanica refer\u00eancia da viagem, alimentada por todas as etapas, de forma que <strong>a informa\u00e7\u00e3o deixe de depender de quem a re\u00fane<\/strong>.<\/p>\n\n\n\n<p class=\"wp-block-paragraph\">O efeito pr\u00e1tico \u00e9 a redu\u00e7\u00e3o de canais: <strong>menos pedidos por mensagem, menos planilhas de acompanhamento e menos consultas a sistemas diferentes<\/strong> para responder uma pergunta simples sobre custo.<\/p>\n\n\n\n<p class=\"wp-block-paragraph\">Tr\u00eas aspectos definem se essa centraliza\u00e7\u00e3o acontece de fato.<\/p>\n\n\n\n<h3 class=\"wp-block-heading\">Reservas e despesas no mesmo fluxo<\/h3>\n\n\n\n<p class=\"wp-block-paragraph\">A consolida\u00e7\u00e3o depende de um identificador comum. A reserva entra no fluxo com fornecedor, valor e condi\u00e7\u00f5es; a despesa entra com comprovante, categoria e forma de pagamento; <strong>ambas carregam a mesma refer\u00eancia de viagem<\/strong>.<\/p>\n\n\n\n<p class=\"wp-block-paragraph\">O efeito aparece quando a empresa come\u00e7a a comparar deslocamentos entre si, avaliando custo por destino, por \u00e1rea ou por tipo de viagem \u2014 uma an\u00e1lise que n\u00e3o se sustenta quando cada categoria \u00e9 acompanhada separadamente.<\/p>\n\n\n\n<h3 class=\"wp-block-heading\">Diferentes formas de pagamento em uma s\u00f3 jornada<\/h3>\n\n\n\n<p class=\"wp-block-paragraph\">Uma mesma viagem pode combinar cart\u00e3o corporativo, reembolso e adiantamento <strong>sem gerar tr\u00eas processos financeiros paralelos<\/strong>. Cada modalidade tem sua forma de liquida\u00e7\u00e3o \u2014 fatura, pagamento ao colaborador, acerto de saldo \u2014 e todas podem ser consolidadas na presta\u00e7\u00e3o de contas do mesmo deslocamento.<\/p>\n\n\n\n<p class=\"wp-block-paragraph\">O que viabiliza isso \u00e9 <strong>registrar a origem do pagamento em cada despesa<\/strong>, o que tamb\u00e9m organiza a proje\u00e7\u00e3o de caixa: o cart\u00e3o segue o vencimento da fatura, o reembolso segue o ciclo de pagamentos e o adiantamento sai antes da viagem.<\/p>\n\n\n\n<h3 class=\"wp-block-heading\">Visibilidade antes, durante e depois da viagem<\/h3>\n\n\n\n<p class=\"wp-block-paragraph\">Um fluxo centralizado permite acompanhar a opera\u00e7\u00e3o em qualquer ponto: pedidos aguardando aprova\u00e7\u00e3o, viagens autorizadas com valor comprometido, deslocamentos em andamento e presta\u00e7\u00f5es de contas pendentes.<\/p>\n\n\n\n<p class=\"wp-block-paragraph\">Isso viabiliza indicadores que dificilmente se sustentam em controles manuais, como <strong>o tempo m\u00e9dio entre o fim da viagem e o envio da presta\u00e7\u00e3o de contas<\/strong>. A diferen\u00e7a em rela\u00e7\u00e3o ao modelo fragmentado est\u00e1 em quem precisa ir atr\u00e1s da informa\u00e7\u00e3o, j\u00e1 que o dado passa a chegar pronto para consulta.<\/p>\n\n\n\n<figure class=\"wp-block-image size-full\"><a href=\"https:\/\/vexpenses.com.br\/demonstracoes\/viagens-corporativas?utm_source=blog&amp;utm_medium=organic&amp;utm_campaign=bannerdemoviagens&amp;utm_content=gestao-despesas-viagem-corporativa\" target=\"_blank\" rel=\" noopener\"><img loading=\"lazy\" decoding=\"async\" width=\"1024\" height=\"250\" src=\"https:\/\/vexpenses.com.br\/blog\/wp-content\/uploads\/2026\/01\/2026-02-12_blog_banner_meio-demo-viagens-2.webp\" alt=\"\" class=\"wp-image-43359\" srcset=\"https:\/\/vexpenses.com.br\/blog\/wp-content\/uploads\/2026\/01\/2026-02-12_blog_banner_meio-demo-viagens-2.webp 1024w, https:\/\/vexpenses.com.br\/blog\/wp-content\/uploads\/2026\/01\/2026-02-12_blog_banner_meio-demo-viagens-2-300x73.webp 300w, https:\/\/vexpenses.com.br\/blog\/wp-content\/uploads\/2026\/01\/2026-02-12_blog_banner_meio-demo-viagens-2-768x188.webp 768w\" sizes=\"auto, (max-width: 1024px) 100vw, 1024px\" \/><\/a><\/figure>\n\n\n\n<h2 class=\"wp-block-heading\">O que avaliar em uma plataforma de viagens corporativas?<\/h2>\n\n\n\n<p class=\"wp-block-paragraph\">Ao comparar <a href=\"https:\/\/vexpenses.com.br\/blog\/melhores-solucoes-gestao-despesas\/?utm_campaign=linkinterno&amp;utm_content=gestao-de-despesas-em-viagem-corporativa\">solu\u00e7\u00f5es de gest\u00e3o de despesas<\/a>, o crit\u00e9rio mais \u00fatil \u00e9 a cobertura da jornada de ponta a ponta. Uma lista extensa de funcionalidades diz pouco se as etapas continuarem desconectadas entre si.<\/p>\n\n\n\n<p class=\"wp-block-paragraph\">Um teste pr\u00e1tico ajuda na compara\u00e7\u00e3o: <strong>percorra uma viagem real da sua empresa dentro da demonstra\u00e7\u00e3o, do pedido ao acerto final, e observe em que pontos seria necess\u00e1rio sair da plataforma.<\/strong> Ao longo desse percurso, confira quatro capacidades:<\/p>\n\n\n\n<ul class=\"wp-block-list\">\n<li><strong>solicita\u00e7\u00e3o e aprova\u00e7\u00e3o:<\/strong> verifique se a pol\u00edtica da empresa pode ser configurada na pr\u00f3pria plataforma, com limites, anteced\u00eancia m\u00ednima, centros de custo e n\u00edveis de al\u00e7ada. Diante de um pedido fora da pol\u00edtica, a solu\u00e7\u00e3o sinaliza o desvio, exige justificativa ou bloqueia a solicita\u00e7\u00e3o?<\/li>\n\n\n\n<li><strong>reservas e integra\u00e7\u00e3o:<\/strong> confirme se as reservas feitas pela ag\u00eancia entram vinculadas \u00e0 viagem aprovada, se altera\u00e7\u00f5es e cancelamentos atualizam o valor e se a integra\u00e7\u00e3o com o <a href=\"https:\/\/vexpenses.com.br\/blog\/sistema-erp\/?utm_campaign=linkinterno&amp;utm_content=gestao-de-despesas-em-viagem-corporativa\">ERP<\/a> gera o lan\u00e7amento cont\u00e1bil sem redigita\u00e7\u00e3o;<\/li>\n\n\n\n<li><strong>formas de pagamento:<\/strong> avalie se cart\u00e3o corporativo, adiantamento e reembolso convivem na mesma viagem, com concilia\u00e7\u00e3o de fatura, prazos configur\u00e1veis e status vis\u00edvel para o colaborador;<\/li>\n\n\n\n<li><strong>vis\u00e3o consolidada:<\/strong> teste se a plataforma apresenta o custo total da viagem sem exporta\u00e7\u00e3o para planilha, com cortes por centro de custo, projeto, cliente e destino.<\/li>\n<\/ul>\n\n\n\n<p class=\"wp-block-paragraph\">Se alguma dessas etapas ainda exigir uma planilha de apoio, mapeie qual delas ficou de fora antes de fechar contrato.<\/p>\n\n\n\n<h2 class=\"wp-block-heading\">Viagens integradas, do pedido ao fechamento<\/h2>\n\n\n\n<p class=\"wp-block-paragraph\">A viagem corporativa est\u00e1 entre os custos mais fragmentados de uma empresa. Uma opera\u00e7\u00e3o madura mant\u00e9m solicita\u00e7\u00e3o, aprova\u00e7\u00e3o, reservas, pagamentos e presta\u00e7\u00e3o de contas em um fluxo centralizado, com <strong>pol\u00edtica aplicada antes da compra e fechamento limitado \u00e0 confer\u00eancia<\/strong>.<\/p>\n\n\n\n<p class=\"wp-block-paragraph\">O <a href=\"https:\/\/vexpenses.com.br\/produtos\/viagens-corporativas\"><strong>VExpenses Viagens<\/strong><\/a> re\u00fane essas etapas em uma \u00fanica <strong>plataforma de gest\u00e3o de viagens e despesas<\/strong>. A busca de passagens e hospedagens acontece dentro do sistema, com a <strong>pol\u00edtica de viagens corporativas<\/strong> aplicada automaticamente no momento da busca.<\/p>\n\n\n\n<p class=\"wp-block-paragraph\">Depois do embarque, o <strong>controle de despesas em viagens<\/strong> continua no mesmo fluxo: as <strong>reservas emitidas e as despesas realizadas durante a viagem ficam vinculadas ao mesmo processo de presta\u00e7\u00e3o de contas<\/strong>, o que reduz planilhas paralelas e concilia\u00e7\u00e3o manual. Os dashboards unificados acompanham o custo por centro de custo, projeto ou viajante, e as integra\u00e7\u00f5es com ERP mant\u00eam os dados sincronizados.&nbsp;<\/p>\n\n\n\n<p class=\"wp-block-paragraph\">Quer ver como isso funciona na pr\u00e1tica? <a href=\"https:\/\/vexpenses.com.br\/demonstracoes\/viagens-corporativas?utm_source=blog&amp;utm_medium=organic&amp;utm_campaign=ancora&amp;utm_content=gestao-despesas-viagem-corporativa\"><strong>Assista a uma demonstra\u00e7\u00e3o gratuita da VExpenses<\/strong><\/a> e conhe\u00e7a o fluxo do VExpenses Viagens aplicado \u00e0 realidade da sua opera\u00e7\u00e3o.<\/p>\n\n\n<style>\n:root {\n    --color-grey-10: #fafafa;\n    --color-grey-20: #f0f0f0;\n    --color-grey-30: #eff2f5;\n    --color-grey-40: #dae3ea;\n    --color-grey-50: #e6eaef;\n    --color-grey-60: #666666;\n    --color-grey-70: #848a99;\n    --color-grey-80: #8a8a8a;\n    --color-grey-90: #323c55;\n    --color-blue-10: #edf9ff;\n    --color-blue-30: #70cdff;\n    --color-blue-40: #4ac0ff;\n    --color-blue-50: #3fa1fff5;\n    --color-blue-70: #0073e6;\n    --color-blue-90: #00326b;\n    --color-white: #ffffff;\n  \n    --font-heading-xl: 56px;\n    --font-heading-lg: 40px;\n    --font-heading-md: 32px;\n    --font-heading-sm: 28px;\n    --font-heading-xs: 20px;\n    --font-heading-2xs: 16px;\n    --font-p-xxl: 37px;\n    --font-p-xl: 27px;\n    --font-p-lg: 19px;\n    --font-p-md: 17px;\n    --font-p-sm: 14px;\n    --font-p-xs: 13px;\n  \n    --gradient-blue-light: linear-gradient(90deg, #4ac0ff 100%, #3fa1fff5 100%);\n    --gradient-blue-dark: linear-gradient(\n      60deg,\n      rgba(0, 51, 101, 1) 0%,\n      rgba(11, 62, 112, 1) 60%,\n      rgba(0, 79, 156, 1) 100%\n    );\n    --gradient-footer-blue-dark: linear-gradient(\n      83deg,\n      rgba(0, 46, 91, 1) 0%,\n      rgba(0, 58, 116, 1) 100%\n    );\n    --gradient-blue-dark-border: linear-gradient(\n      10deg,\n      #003365 60%,\n      #006edb 100%\n    );\n    --gradient-hero-blue-light: linear-gradient(\n      153deg,\n      rgba(248, 250, 251, 1) 0%,\n      rgba(223, 238, 252, 1) 35%,\n      rgba(224, 239, 253, 1) 100%\n    );\n    --gradient-feature-blue-light: linear-gradient(\n      285.85deg,\n      #f9f9f9 8.03%,\n      #eef5f9 111.44%\n    );\n  }\n\n.container-content-demos-post {\n    display: grid;\n    grid-template-columns: 1fr;\n}\n\n.section-demos-post {\n    max-width: 1920px;\n    display: flex;\n    justify-content: center;\n    margin: 0 auto;\n    width: 100%;\n    background-color: #f9f9f9f9;\n  }\n  \n  .container-demos-post {\n    display: flex;\n    width: 100%;\n    flex-direction: column;\n    margin: 0 auto;\n    justify-content: center;\n    align-items: center;\n    padding:40px 0;\n  }\n  \n  .container-demos-post > div {\n    width: 100%;\n    gap: 20px;\n    padding-top: 10pxrem;\n  }\n  \n  .container-demos-post > span {\n    color: var(--color-white);\n  }\n  \n  .pill-demos-post {\n    background-color: var(--color-blue-90);\n    width: 100%;\n    max-width: fit-content;\n    padding: 0.6rem 1.5rem;\n    border-radius: 100px;\n    display: flex;\n    align-items: center;\n    justify-content: center;\n    gap: 0.8rem;\n  }\n  \n  .pill-demos-post p {\n    color: var(--color-white);\n    font-size: var(--font-p-sm);\n    font-weight: 500;\n    line-height: 160%;\n  }\n  \n  .content-demos-post {\n    text-align: center;\n  }\n  .content-demos-post p,\n  .content-demos-post h2 {\n    font-weight: 500;\n    color: var(--color-blue-90);\n  }\n  \n  .content-demos-post strong {\n    color: var(--color-blue-70);\n  }\n  \n  .content-demos-post p {\n    font-size: var(--font-p-lg);\n  }\n  \n  .content-demos-post h2,\n  .content-demos-post strong {\n    padding: 2rem 0;\n    font-size: var(--font-heading-md);\n  }\n  \n  .container-video-demos-post{\n     position: relative;\n  }\n  \n  .video-demos-post {\n    display: flex;\n    justify-content: center;\n    width: 100%;\n    height: 400px;\n    border-radius: 18px;\n   \n  }\n  \n  .video-demos-post iframe {\n    border-radius: 18px;\n    width: 100%;\n  }\n\n  @keyframes ripple {\n    to {\n      transform: translate(-50%, -50%) scale(4);\n      opacity: 0;\n    }\n  }\n  \n  .glass-demos-post {\n    position: absolute;\n    top: 0;\n    left: 0;\n    width: 100%;\n    height: 100%;\n    display: flex;\n    align-items: center;\n    justify-content: center;\n    background: rgba(255, 255, 255, 0);\n    backdrop-filter: blur(15px);\n    -webkit-backdrop-filter: blur(15px);\n    border-radius: 18px;\n    border: 1px solid rgba(255, 255, 255, 0);\n  }\n  \n  .overlay-glass-demos-post {\n    height: 100%;\n    max-width: 50%;\n    display: flex;\n    flex-direction: column;\n    align-items: center;\n    justify-content: space-evenly;\n    padding: 2rem;\n  }\n  \n  .button-glass-demos-post {\n    background: var(--color-blue-70);\n    color: var(--color-white);\n    padding: 16px 32px;\n    border-radius: 8px;\n    border: none;\n    text-align: center;\n    font-size: 16px;\n    font-weight: 600;\n    position: relative;\n    overflow: hidden;\n    transition: transform 0.17s ease-in;\n    box-shadow: 0px 5px 15px rgba(0, 0, 0, 0.2);\n  }\n  \n  .button-glass:hover {\n    transform: scale(1.04);\n  }\n  \n  .button-glass-demos-post::before {\n    content: \"\";\n    position: absolute;\n    border-radius: 50%;\n    width: 50px;\n    height: 50px;\n    background-color: rgba(207, 204, 248, 0.7);\n    top: 50%;\n    left: 50%;\n    transform: translate(-50%, -50%) scale(0);\n    animation: ripple 1s infinite;\n  }\n\n  .modal-container-demos-post {\n    display: none;\n    position: fixed;\n    top: 0;\n    left: 0;\n    width: 100%;\n    height: 100vh;\n    background-color: rgba(128, 128, 128, 0.5);\n    z-index: 99998;\n  }\n  \n  .modal-content-demos-post {\n    z-index: 99998;\n    position: fixed;\n    top: 50%;\n    left: 50%;\n    transform: translate(-50%, -50%);\n    background-color: var(--color-blue-90);\n    width: 50%;\n    padding: 20px;\n    border-radius: 10px;\n  }\n  \n  .modal-content-container-demos-post {\n    width:100%;\n    display: flex;\n    flex-direction: column;\n    gap: 20px;\n    padding: 40px;\n  }\n  \n  .modal-content-container-demos-post input {\n    width: 100%;\n  }\n  \n  .container-text-demos-post {\n    display: flex;\n    flex-direction: column;\n    justify-content: center;\n    align-items: center;\n    padding: 20px;\n  }\n  \n  .container-text-demos-post span,\n  .container-text-demos-post h2 {\n    text-align: center;\n    color: var(--color-white) !important;\n  }\n  \n  .container-text-demos-post h2 {\n    padding: 10px 0;\n    font-size: var(--font-heading-md);\n  }\n  \n  .container-text-demos-post span {\n    text-align: center;\n  }\n  \n  .form-deafult-button-demos-post {\n    margin-top: 20px;\n    display: inline-block;\n    padding: 16px 24px;\n    background: var(--color-blue-70);\n    color: var(--color-white);\n    font-size: 16px;\n    font-weight: 600;\n    border: none;\n    border-radius: 12px;\n    text-align: center;\n  }\n  \n  .button-form-demo-demos-post {\n    background-color: var(--color-blue-50);\n    color: var(--color-white);\n  }\n  \n  .button-close-modal-demos-post {\n    position: absolute;\n    background-color: transparent;\n    border: none;\n    top: 0;\n    right: 0;\n    padding: 1rem;\n    cursor: pointer;\n    color: var(--color-white);\n    font-size: 18px;\n    z-index: 99999;\n  }\n  \n  .close-modal-icon-demos-post {\n    position: absolute;\n    right: 20px;\n    top: 10px;\n    width: 22px;\n    height: 22px;\n    opacity: 0.6;\n  }\n  \n  .close-modal-icon-demos-post::before,\n  .close-modal-icon-demos-post::after {\n    position: absolute;\n    left: 15px;\n    content: \" \";\n    height: 23px;\n    width: 2px;\n    background-color: var(--color-white);\n  }\n  \n  .close-modal-icon-demos-post::before {\n    transform: rotate(45deg);\n  }\n  .close-modal-icon-demos-post::after {\n    transform: rotate(-45deg);\n  }\n  \n  .row-form-check-box-demo-demos-post {\n    display: flex;\n    flex-direction: row;\n    align-items: center;\n    width: 100%;\n  }\n  \n  .row-form-check-box-demo-demos-post input {\n    width: auto;\n  }\n  \n  .row-form-check-box-demo-demos-post label {\n    color: #ffffff !important;\n    font-size: var(--font-p-sm);\n    padding: 4px;\n  }\n  \n  .terms-container-demos-post {\n    font-size: 16px;\n    color: var(--color-white);\n  }\n  .terms-container-demos-post a {\n    text-decoration: underline;\n    color: var(--color-blue-50);\n  }\n  \n  .terms-container-demos-post a:hover {\n    color: var(--color-blue-30);\n    text-decoration: none;\n  }\n\n  .input-modal-demo-demos-post{\n    padding: 10px;\n    border: 2px solid var(--color-grey-20);\n    border-radius: 8px;\n    font-size: 16px;\n    background-color: var(--color-grey-20);\n    color: var(--color-grey-90);\n    width: 100%;\n  }\n  \n  .input-modal-demo-demos-post:focus {\n    outline: none;\n    border-color: var(--color-blue-70);\n  }\n  \n  .input-modal-demo-demos-post::placeholder {\n    color: var(--color-grey-90);\n  }\n  \n  .wpcf7-list-item label{\n    background-color: red;\n    display:flex;\n    justify-content: flex-start;\n    align-items: flex-start;\n  }\n  \n \n  @media screen and (max-width: 1600px) {\n    .container-content {\n      padding: 8rem 10rem 8rem 10rem;\n    }\n}\n\n@media (max-width: 1536px) {\n    .container-img-demos-post {\n      height: 550px;\n    }\n  }\n\n  @media (-webkit-min-device-pixel-ratio: 1.25) {\n    .modal-content-demos-post {\n      width: 60%;\n      padding: 10px;\n    }\n  }\n  \n  @media screen and (max-width: 1536px) {\n    .modal-content-demos-post {\n      width: 60%;\n      padding: 0;\n    }\n  }\n  \n@media screen and (max-width: 1400px) {\n    .container-content-demos-post {\n      padding: 8rem;\n    }\n}\n  \n@media screen and (max-width: 1280px) {\n    .container-content-demos-post {\n      padding: 8rem 10rem 8rem 8rem;\n    }\n\n    .container-text-demos-post h2 {\n      padding: 0;\n      padding-bottom: 1rem;\n    }\n  }\n  \n@media screen and (max-width: 1250px) {\n    .container-content-demos-post {\n        padding: 4rem;\n    }\n}\n@media (max-width: 1024px) {\n    .container-img-demos-post {\n      height: 360px;\n    }\n  }\n\n  @media screen and (max-width: 968px) {\n    .modal-content-container-demos-post {\n      padding: 2rem;\n    }\n    .container-text-demos-post h2 {\n      font-size: var(--font-heading-sm);\n    }\n  \n    .terms-container-demos-post {\n      font-size: 1.6rem;\n    }\n    .terms-container a {\n      font-size: 1.6rem;\n    }\n  }\n  \n  @media screen and (max-width: 768px) {\n    .content-demos-post {\n      text-align: center;\n    }\n  \n    .container-img-demos-post {\n      height: 280px;\n    }\n  \n    .button-glass-demos-post {\n      padding: 1.2rem 2.4rem;\n      font-size: 1.4rem;\n    }\n  }\n  \n  @media (max-width: 710px) {\n    .overlay-glass-demos-post {\n      max-width: 100%;\n    }\n  }\n\n  @media screen and (max-width: 600px) {\n    .modal-content-demos-post {\n      width: 100%;\n    }\n  \n    .video-demos-post {\n      width: 80%;\n    }\n  \n    .content-demos-post h2,\n    .content-demos-post strong {\n      font-size: var(--font-heading-sm);\n    }\n  \n    .content-demos-post p {\n      font-size: var(--font-p-md);\n    }\n  \n    .container-img-demos-post {\n      height: 240px;\n    }\n  }\n\n  @media (max-width: 425px) {\n    .button-glass-demos-post {\n      margin-bottom: 4rem;\n    }\n  }\n  @media screen and (max-width: 375px) {\n    .close-modal-icon-demos-post {\n      right: 10px;\n      top: 5px;\n    }\n  }\n  \n  @media screen and (min-width: 974px) {\n    .pill-demos-post {\n      font-size: var(--font-p-lg);\n    }\n  }\n<\/style>\n\n<script>\n  \n    document.addEventListener('DOMContentLoaded', function () {\n      if (localStorage.getItem('showModal') === null) {\n        localStorage.setItem('showModal', 'true');\n      } else if (localStorage.getItem('showModal') === 'false') {\n        console.log('showmodal false');\n    \n        const glass = document.querySelector('.glass-demos-post');\n    \n        if (glass) {\n          glass.style.display = 'none';\n        }\n      }\n    });\n    \n     \/\/seta false ap\u00f3s envio do form\n    document.addEventListener('wpcf7mailsent', function () {\n     localStorage.setItem('showModal', 'false');\n\n      setTimeout(() => {\n          window.location.reload();\n      }, 300);\n    });\n    \n    \/\/valida optinwhatsapp\n    document.addEventListener('DOMContentLoaded', function () {\n      const checkbox = document.querySelector(\n          'input[name=\"whatsapp_consent[]\"]'\n      );\n  \n      const hidden = document.getElementById('whatsapp-consent-value');\n  \n      if (!checkbox || !hidden) return;\n  \n      checkbox.addEventListener('change', function () {\n          hidden.value = this.checked ? 'Sim' : 'N\u00e3o';\n      });\n    });\n    \n    document.addEventListener('DOMContentLoaded', function () {\n      const campo = document.getElementById('pagina-url');\n  \n      if (campo) {\n          campo.value = window.location.href;\n      }\n    });\n    \n    function openModalDemoMidPost() {\n      document.querySelector('.modal-container-demos-post').style.display = 'block';\n    }\n\n    function closeModalDemoMidPost() {\n      document.querySelector('.modal-container-demos-post').style.display = 'none';\n    }\n    \n   \n    \n    \/\/valida telefone e adiciona mascara\n    document.addEventListener('DOMContentLoaded', function () {\n    const telefone = document.getElementById('telefone-contato');\n\n    if (!telefone) return;\n\n    \/\/ M\u00e1scara enquanto digita\n    telefone.addEventListener('input', function (e) {\n        let value = e.target.value.replace(\/\\D\/g, '');\n\n        \/\/ Limita a 11 d\u00edgitos\n        value = value.substring(0, 11);\n\n        if (value.length > 10) {\n            \/\/ Celular: (11) 99999-9999\n            value = value.replace(\n                \/^(\\d{2})(\\d{5})(\\d{0,4}).*\/,\n                '($1) $2-$3'\n            );\n        } else if (value.length > 6) {\n            \/\/ Fixo: (11) 9999-9999\n            value = value.replace(\n                \/^(\\d{2})(\\d{4})(\\d{0,4}).*\/,\n                '($1) $2-$3'\n            );\n        } else if (value.length > 2) {\n            value = value.replace(\n                \/^(\\d{2})(\\d{0,5})\/,\n                '($1) $2'\n            );\n        } else if (value.length > 0) {\n            value = value.replace(\n                \/^(\\d*)\/,\n                '($1'\n            );\n        }\n\n        e.target.value = value;\n    });\n\n    \/\/ Valida\u00e7\u00e3o ao sair do campo\n    telefone.addEventListener('blur', function () {\n        const numeros = this.value.replace(\/\\D\/g, '');\n\n        const valido = \/^[1-9]{2}\\d{8,9}$\/.test(numeros);\n\n        if (!valido && numeros.length > 0) {\n            this.setCustomValidity('Digite um telefone v\u00e1lido com DDD.');\n            this.reportValidity();\n        } else {\n            this.setCustomValidity('');\n        }\n    });\n});\n  <\/script>\n\n<section class=\"section-demos-post lazyblock-demos-2ouWF wp-block-lazyblock-demos\">\n            <div class=\"container-demos-post\">\n            <span class=\"pill-demos-post\">\n                <img\n                src='https:\/\/vexpenses.com.br\/blog\/wp-content\/uploads\/2026\/06\/icon-demo.svg'\n                alt=\"icon de bot\u00e3o play\"\n                \/>\n                Demonstra\u00e7\u00e3o\n            <\/span>\n                <div class=\"container-content-demos-post\">\n                    <div class=\"content-demos-post\">\n                    <h2>\n                        Conhe\u00e7a o <strong>VExpenses Viagens <\/strong> na pr\u00e1tica\n                    <\/h2>\n                    <\/div>\n                   <div class=\"container-video-demos-post\">\n                        <div class=\"video-demos-post\">\n                            <iframe\n                                src=\"https:\/\/www.youtube.com\/embed\/iYecA6oAQww?si=XOfsOSWtSG1e8K85\"\n                                title=\"YouTube video player\"\n                                frameborder=\"0\"\n                                allowfullscreen>\n                            <\/iframe>\n                        <\/div>\n                        <div class=\"glass-demos-post\">\n                            <div class=\"overlay-glass-demos-post\">\n                                <button class=\"button-glass-demos-post\" onclick=\"openModalDemoMidPost()\">\n                                    Assistir Demonstra\u00e7\u00e3o\n                                <\/button>\n                            <\/div>\n                        <\/div>\n                    <\/div>\n                <\/div>\n            <\/div>\n                <div class=\"modal-container-demos-post\">\n                    <div class=\"modal-content-demos-post\">\n                        <button\n                          class='button-close-modal-demos-post'\n                          onclick=\"closeModalDemoMidPost()\"                      >\n                          <div class=\"close-modal-icon-demos-post\"><\/div>\n                        <\/button>\n              \n                        <div class=\"container-text-demos-post\">\n                            <h2>Acesse as demonstra\u00e7\u00f5es gratuitamente.<\/h2>\n                            <span>\n                            Preencha o formul\u00e1rio apenas uma vez e tenha acesso vital\u00edcio \u00e0s\n                            nossas demonstra\u00e7\u00f5es!\n                            <\/span>\n                        <\/div>\n                        \n<div class=\"wpcf7 no-js\" id=\"wpcf7-f44465-o1\" lang=\"pt-BR\" dir=\"ltr\" data-wpcf7-id=\"44465\">\n<div class=\"screen-reader-response\"><p role=\"status\" aria-live=\"polite\" aria-atomic=\"true\"><\/p> <ul><\/ul><\/div>\n<form action=\"\/wp-json\/wp\/v2\/posts\/45414#wpcf7-f44465-o1\" method=\"post\" class=\"wpcf7-form init\" id=\"formContatoModalDemo\" aria-label=\"Formul\u00e1rios de contato\" novalidate=\"novalidate\" data-status=\"init\">\n<fieldset class=\"hidden-fields-container\"><input type=\"hidden\" name=\"_wpcf7\" value=\"44465\" \/><input type=\"hidden\" name=\"_wpcf7_version\" value=\"6.1.6\" \/><input type=\"hidden\" name=\"_wpcf7_locale\" value=\"pt_BR\" \/><input type=\"hidden\" name=\"_wpcf7_unit_tag\" value=\"wpcf7-f44465-o1\" \/><input type=\"hidden\" name=\"_wpcf7_container_post\" value=\"0\" \/><input type=\"hidden\" name=\"_wpcf7_posted_data_hash\" value=\"\" \/>\n<\/fieldset>\n<div class=\"modal-content-container-demos-post\">\n\n    <span class=\"wpcf7-form-control-wrap\" data-name=\"nome\"><input size=\"40\" maxlength=\"400\" class=\"wpcf7-form-control wpcf7-text wpcf7-validates-as-required input-modal-demo-demos-post\" aria-required=\"true\" aria-invalid=\"false\" placeholder=\"Nome\" value=\"\" type=\"text\" name=\"nome\" \/><\/span>\n\n    <span class=\"wpcf7-form-control-wrap\" data-name=\"email\"><input size=\"40\" maxlength=\"400\" class=\"wpcf7-form-control wpcf7-email wpcf7-validates-as-required wpcf7-text wpcf7-validates-as-email input-modal-demo-demos-post\" aria-required=\"true\" aria-invalid=\"false\" placeholder=\"E-mail Profissional\" value=\"\" type=\"email\" name=\"email\" \/><\/span>\n\n    <span class=\"wpcf7-form-control-wrap\" data-name=\"empresa\"><input size=\"40\" maxlength=\"400\" class=\"wpcf7-form-control wpcf7-text wpcf7-validates-as-required input-modal-demo-demos-post\" aria-required=\"true\" aria-invalid=\"false\" placeholder=\"Nome da empresa\" value=\"\" type=\"text\" name=\"empresa\" \/><\/span>\n\n    <span class=\"wpcf7-form-control-wrap\" data-name=\"telefone\"><input size=\"40\" maxlength=\"400\" class=\"wpcf7-form-control wpcf7-tel wpcf7-validates-as-required wpcf7-text wpcf7-validates-as-tel input-modal-demo-demos-post\" id=\"telefone-contato\" aria-required=\"true\" aria-invalid=\"false\" placeholder=\"Telefone para contato\" value=\"\" type=\"tel\" name=\"telefone\" \/><\/span>\n\n    <input class=\"wpcf7-form-control wpcf7-hidden\" id=\"pagina-url\" value=\"\" type=\"hidden\" name=\"url_conversao\" \/>\n\n    <div class=\"terms-container-demos-post\">\n        Ao informar seus dados, voc\u00ea concorda com a nossa\n        <a href=\"https:\/\/vexpenses.com.br\/politica-privacidade\" target=\"_blank\" rel=\"noopener noreferrer\">\n            Pol\u00edtica de Privacidade\n        <\/a>.\n    <\/div>\n\n    <div class=\"row-form-check-box-demo-demos-post\">\n      <input class=\"wpcf7-form-control wpcf7-hidden\" id=\"whatsapp-consent-value\" value=\"N\u00e3o\" type=\"hidden\" name=\"whatsapp_consent_value\" \/>\n      <span class=\"wpcf7-form-control-wrap\" data-name=\"whatsapp_consent\"><span class=\"wpcf7-form-control wpcf7-checkbox\" id=\"whatsappConsent\"><span class=\"wpcf7-list-item first last\"><input type=\"checkbox\" name=\"whatsapp_consent[]\" value=\"\" \/><span class=\"wpcf7-list-item-label\"><\/span><\/span><\/span><\/span>\n      <label for=\"whatsappConsent\">\n        Aceito receber contatos, materiais e convites personalizados pelo WhatsApp\n      <\/label>\n    <\/div>\n\n    <input class=\"wpcf7-form-control wpcf7-submit has-spinner form-default-button button-form-demo-demos-post\" type=\"submit\" value=\"Acessar\" \/>\n\n<\/div><p style=\"display: none !important;\" class=\"akismet-fields-container\" data-prefix=\"_wpcf7_ak_\"><label>&#916;<textarea name=\"_wpcf7_ak_hp_textarea\" cols=\"45\" rows=\"8\" maxlength=\"100\"><\/textarea><\/label><input type=\"hidden\" id=\"ak_js_1\" name=\"_wpcf7_ak_js\" value=\"198\"\/><script>\ndocument.getElementById( \"ak_js_1\" ).setAttribute( \"value\", ( new Date() ).getTime() );\n<\/script>\n<\/p><div class=\"wpcf7-response-output\" aria-hidden=\"true\"><\/div>\n<\/form>\n<\/div>\n\n                       \n                    <\/div>\n                  <\/div>\n        <\/section>\n\n\n\n<p class=\"wp-block-paragraph\"><\/p>\n","protected":false},"excerpt":{"rendered":"A gest\u00e3o de despesas em viagem corporativa \u00e9 o processo que conecta solicita\u00e7\u00e3o, aprova\u00e7\u00e3o, reservas, pagamentos e presta\u00e7\u00e3o de contas em um \u00fanico fluxo, permitindo acompanhar o custo real de cada deslocamento antes, durante e depois da viagem. A gest\u00e3o de despesas em viagem corporativa costuma revelar seu ponto fraco em uma pergunta simples feita [&hellip;]","protected":false},"author":28,"featured_media":45415,"comment_status":"open","ping_status":"open","sticky":false,"template":"","format":"standard","meta":{"inline_featured_image":false,"footnotes":""},"categories":[1873],"tags":[],"funil":[],"jornada":[],"persona":[],"objetivo":[],"assunto":[],"class_list":["post-45414","post","type-post","status-publish","format-standard","has-post-thumbnail","hentry","category-viagens-corporativas"],"yoast_head":"<!-- This site is optimized with the Yoast SEO plugin v27.7 - https:\/\/yoast.com\/product\/yoast-seo-wordpress\/ -->\n<title>Gest\u00e3o de despesas em viagem corporativa: guia completo<\/title>\n<meta name=\"description\" content=\"Entenda como centralizar a jornada da viagem corporativa, da solicita\u00e7\u00e3o \u00e0 presta\u00e7\u00e3o de contas, e ganhar controle sobre cada despesa.\" \/>\n<meta name=\"robots\" content=\"index, follow, max-snippet:-1, max-image-preview:large, max-video-preview:-1\" \/>\n<link rel=\"canonical\" href=\"https:\/\/vexpenses.com.br\/blog\/gestao-despesas-viagem-corporativa\/\" \/>\n<meta property=\"og:locale\" content=\"pt_BR\" \/>\n<meta property=\"og:type\" content=\"article\" \/>\n<meta property=\"og:title\" content=\"Gest\u00e3o de despesas em viagem corporativa: guia completo\" \/>\n<meta property=\"og:description\" content=\"Entenda como centralizar a jornada da viagem corporativa, da solicita\u00e7\u00e3o \u00e0 presta\u00e7\u00e3o de contas, e ganhar controle sobre cada despesa.\" \/>\n<meta property=\"og:url\" content=\"https:\/\/vexpenses.com.br\/blog\/gestao-despesas-viagem-corporativa\/\" \/>\n<meta property=\"og:site_name\" content=\"Blog\" \/>\n<meta property=\"article:published_time\" content=\"2026-09-04T19:33:07+00:00\" \/>\n<meta property=\"article:modified_time\" content=\"2026-09-04T19:38:41+00:00\" \/>\n<meta property=\"og:image\" content=\"https:\/\/vexpenses.com.br\/blog\/wp-content\/uploads\/2026\/09\/vexpenses_capa_blog_fevereiro_2026-3-_4_-1.webp\" \/>\n\t<meta property=\"og:image:width\" content=\"1551\" \/>\n\t<meta property=\"og:image:height\" content=\"618\" \/>\n\t<meta property=\"og:image:type\" content=\"image\/webp\" \/>\n<meta name=\"author\" content=\"Tarina Lemmi\" \/>\n<meta name=\"twitter:card\" content=\"summary_large_image\" \/>\n<meta name=\"twitter:label1\" content=\"Escrito por\" \/>\n\t<meta name=\"twitter:data1\" content=\"Tarina Lemmi\" \/>\n\t<meta name=\"twitter:label2\" content=\"Est. tempo de leitura\" \/>\n\t<meta name=\"twitter:data2\" content=\"15 minutos\" \/>\n<script type=\"application\/ld+json\" class=\"yoast-schema-graph\">{\"@context\":\"https:\\\/\\\/schema.org\",\"@graph\":[{\"@type\":\"Article\",\"@id\":\"https:\\\/\\\/vexpenses.com.br\\\/blog\\\/gestao-despesas-viagem-corporativa\\\/#article\",\"isPartOf\":{\"@id\":\"https:\\\/\\\/vexpenses.com.br\\\/blog\\\/gestao-despesas-viagem-corporativa\\\/\"},\"author\":{\"name\":\"Tarina Lemmi\",\"@id\":\"https:\\\/\\\/vexpenses.com.br\\\/blog\\\/#\\\/schema\\\/person\\\/a7baf099b833ab9328dfaf077072343a\"},\"headline\":\"Gest\u00e3o de despesas em viagem corporativa: do pedido \u00e0 presta\u00e7\u00e3o de contas\",\"datePublished\":\"2026-09-04T19:33:07+00:00\",\"dateModified\":\"2026-09-04T19:38:41+00:00\",\"mainEntityOfPage\":{\"@id\":\"https:\\\/\\\/vexpenses.com.br\\\/blog\\\/gestao-despesas-viagem-corporativa\\\/\"},\"wordCount\":2934,\"commentCount\":0,\"publisher\":{\"@id\":\"https:\\\/\\\/vexpenses.com.br\\\/blog\\\/#organization\"},\"image\":{\"@id\":\"https:\\\/\\\/vexpenses.com.br\\\/blog\\\/gestao-despesas-viagem-corporativa\\\/#primaryimage\"},\"thumbnailUrl\":\"https:\\\/\\\/vexpenses.com.br\\\/blog\\\/wp-content\\\/uploads\\\/2026\\\/09\\\/vexpenses_capa_blog_fevereiro_2026-3-_4_-1.webp\",\"articleSection\":[\"Viagens Corporativas\"],\"inLanguage\":\"pt-BR\",\"potentialAction\":[{\"@type\":\"CommentAction\",\"name\":\"Comment\",\"target\":[\"https:\\\/\\\/vexpenses.com.br\\\/blog\\\/gestao-despesas-viagem-corporativa\\\/#respond\"]}]},{\"@type\":\"WebPage\",\"@id\":\"https:\\\/\\\/vexpenses.com.br\\\/blog\\\/gestao-despesas-viagem-corporativa\\\/\",\"url\":\"https:\\\/\\\/vexpenses.com.br\\\/blog\\\/gestao-despesas-viagem-corporativa\\\/\",\"name\":\"Gest\u00e3o de despesas em viagem corporativa: guia completo\",\"isPartOf\":{\"@id\":\"https:\\\/\\\/vexpenses.com.br\\\/blog\\\/#website\"},\"primaryImageOfPage\":{\"@id\":\"https:\\\/\\\/vexpenses.com.br\\\/blog\\\/gestao-despesas-viagem-corporativa\\\/#primaryimage\"},\"image\":{\"@id\":\"https:\\\/\\\/vexpenses.com.br\\\/blog\\\/gestao-despesas-viagem-corporativa\\\/#primaryimage\"},\"thumbnailUrl\":\"https:\\\/\\\/vexpenses.com.br\\\/blog\\\/wp-content\\\/uploads\\\/2026\\\/09\\\/vexpenses_capa_blog_fevereiro_2026-3-_4_-1.webp\",\"datePublished\":\"2026-09-04T19:33:07+00:00\",\"dateModified\":\"2026-09-04T19:38:41+00:00\",\"description\":\"Entenda como centralizar a jornada da viagem corporativa, da solicita\u00e7\u00e3o \u00e0 presta\u00e7\u00e3o de contas, e ganhar controle sobre cada despesa.\",\"breadcrumb\":{\"@id\":\"https:\\\/\\\/vexpenses.com.br\\\/blog\\\/gestao-despesas-viagem-corporativa\\\/#breadcrumb\"},\"inLanguage\":\"pt-BR\",\"potentialAction\":[{\"@type\":\"ReadAction\",\"target\":[\"https:\\\/\\\/vexpenses.com.br\\\/blog\\\/gestao-despesas-viagem-corporativa\\\/\"]}]},{\"@type\":\"ImageObject\",\"inLanguage\":\"pt-BR\",\"@id\":\"https:\\\/\\\/vexpenses.com.br\\\/blog\\\/gestao-despesas-viagem-corporativa\\\/#primaryimage\",\"url\":\"https:\\\/\\\/vexpenses.com.br\\\/blog\\\/wp-content\\\/uploads\\\/2026\\\/09\\\/vexpenses_capa_blog_fevereiro_2026-3-_4_-1.webp\",\"contentUrl\":\"https:\\\/\\\/vexpenses.com.br\\\/blog\\\/wp-content\\\/uploads\\\/2026\\\/09\\\/vexpenses_capa_blog_fevereiro_2026-3-_4_-1.webp\",\"width\":1551,\"height\":618,\"caption\":\"gest\u00e3o de despesas de viagens\"},{\"@type\":\"BreadcrumbList\",\"@id\":\"https:\\\/\\\/vexpenses.com.br\\\/blog\\\/gestao-despesas-viagem-corporativa\\\/#breadcrumb\",\"itemListElement\":[{\"@type\":\"ListItem\",\"position\":1,\"name\":\"In\u00edcio\",\"item\":\"https:\\\/\\\/vexpenses.com.br\\\/blog\\\/\"},{\"@type\":\"ListItem\",\"position\":2,\"name\":\"Gest\u00e3o de despesas em viagem corporativa: do pedido \u00e0 presta\u00e7\u00e3o de contas\"}]},{\"@type\":\"WebSite\",\"@id\":\"https:\\\/\\\/vexpenses.com.br\\\/blog\\\/#website\",\"url\":\"https:\\\/\\\/vexpenses.com.br\\\/blog\\\/\",\"name\":\"Blog\",\"description\":\"Blog VExpenses\",\"publisher\":{\"@id\":\"https:\\\/\\\/vexpenses.com.br\\\/blog\\\/#organization\"},\"potentialAction\":[{\"@type\":\"SearchAction\",\"target\":{\"@type\":\"EntryPoint\",\"urlTemplate\":\"https:\\\/\\\/vexpenses.com.br\\\/blog\\\/?s={search_term_string}\"},\"query-input\":{\"@type\":\"PropertyValueSpecification\",\"valueRequired\":true,\"valueName\":\"search_term_string\"}}],\"inLanguage\":\"pt-BR\"},{\"@type\":\"Organization\",\"@id\":\"https:\\\/\\\/vexpenses.com.br\\\/blog\\\/#organization\",\"name\":\"Blog\",\"url\":\"https:\\\/\\\/vexpenses.com.br\\\/blog\\\/\",\"logo\":{\"@type\":\"ImageObject\",\"inLanguage\":\"pt-BR\",\"@id\":\"https:\\\/\\\/vexpenses.com.br\\\/blog\\\/#\\\/schema\\\/logo\\\/image\\\/\",\"url\":\"https:\\\/\\\/vexpenses.com.br\\\/blog\\\/wp-content\\\/uploads\\\/2025\\\/08\\\/logo-vr-alt.png\",\"contentUrl\":\"https:\\\/\\\/vexpenses.com.br\\\/blog\\\/wp-content\\\/uploads\\\/2025\\\/08\\\/logo-vr-alt.png\",\"width\":709,\"height\":230,\"caption\":\"Blog\"},\"image\":{\"@id\":\"https:\\\/\\\/vexpenses.com.br\\\/blog\\\/#\\\/schema\\\/logo\\\/image\\\/\"}},{\"@type\":\"Person\",\"@id\":\"https:\\\/\\\/vexpenses.com.br\\\/blog\\\/#\\\/schema\\\/person\\\/a7baf099b833ab9328dfaf077072343a\",\"name\":\"Tarina Lemmi\",\"image\":{\"@type\":\"ImageObject\",\"inLanguage\":\"pt-BR\",\"@id\":\"https:\\\/\\\/vexpenses.com.br\\\/blog\\\/wp-content\\\/uploads\\\/2024\\\/12\\\/avatar_user_28_1733491821-96x96.jpg\",\"url\":\"https:\\\/\\\/vexpenses.com.br\\\/blog\\\/wp-content\\\/uploads\\\/2024\\\/12\\\/avatar_user_28_1733491821-96x96.jpg\",\"contentUrl\":\"https:\\\/\\\/vexpenses.com.br\\\/blog\\\/wp-content\\\/uploads\\\/2024\\\/12\\\/avatar_user_28_1733491821-96x96.jpg\",\"caption\":\"Tarina Lemmi\"},\"description\":\"Sou formada em Matem\u00e1tica Aplicada a Neg\u00f3cios pela USP e trabalho h\u00e1 alguns anos criando an\u00e1lises e conte\u00fados especializados em finan\u00e7as corporativas, gest\u00e3o de despesas e efici\u00eancia financeira. Escrevo para o blog da VExpenses com o intuito de traduzir temas complexos em orienta\u00e7\u00f5es pr\u00e1ticas para o setor.\",\"url\":\"https:\\\/\\\/vexpenses.com.br\\\/blog\\\/author\\\/tarinalemmi\\\/\"}]}<\/script>\n<!-- \/ Yoast SEO plugin. -->","yoast_head_json":{"title":"Gest\u00e3o de despesas em viagem corporativa: guia completo","description":"Entenda como centralizar a jornada da viagem corporativa, da solicita\u00e7\u00e3o \u00e0 presta\u00e7\u00e3o de contas, e ganhar controle sobre cada despesa.","robots":{"index":"index","follow":"follow","max-snippet":"max-snippet:-1","max-image-preview":"max-image-preview:large","max-video-preview":"max-video-preview:-1"},"canonical":"https:\/\/vexpenses.com.br\/blog\/gestao-despesas-viagem-corporativa\/","og_locale":"pt_BR","og_type":"article","og_title":"Gest\u00e3o de despesas em viagem corporativa: guia completo","og_description":"Entenda como centralizar a jornada da viagem corporativa, da solicita\u00e7\u00e3o \u00e0 presta\u00e7\u00e3o de contas, e ganhar controle sobre cada despesa.","og_url":"https:\/\/vexpenses.com.br\/blog\/gestao-despesas-viagem-corporativa\/","og_site_name":"Blog","article_published_time":"2026-09-04T19:33:07+00:00","article_modified_time":"2026-09-04T19:38:41+00:00","og_image":[{"width":1551,"height":618,"url":"https:\/\/vexpenses.com.br\/blog\/wp-content\/uploads\/2026\/09\/vexpenses_capa_blog_fevereiro_2026-3-_4_-1.webp","type":"image\/webp"}],"author":"Tarina Lemmi","twitter_card":"summary_large_image","twitter_misc":{"Escrito por":"Tarina Lemmi","Est. tempo de leitura":"15 minutos"},"schema":{"@context":"https:\/\/schema.org","@graph":[{"@type":"Article","@id":"https:\/\/vexpenses.com.br\/blog\/gestao-despesas-viagem-corporativa\/#article","isPartOf":{"@id":"https:\/\/vexpenses.com.br\/blog\/gestao-despesas-viagem-corporativa\/"},"author":{"name":"Tarina Lemmi","@id":"https:\/\/vexpenses.com.br\/blog\/#\/schema\/person\/a7baf099b833ab9328dfaf077072343a"},"headline":"Gest\u00e3o de despesas em viagem corporativa: do pedido \u00e0 presta\u00e7\u00e3o de contas","datePublished":"2026-09-04T19:33:07+00:00","dateModified":"2026-09-04T19:38:41+00:00","mainEntityOfPage":{"@id":"https:\/\/vexpenses.com.br\/blog\/gestao-despesas-viagem-corporativa\/"},"wordCount":2934,"commentCount":0,"publisher":{"@id":"https:\/\/vexpenses.com.br\/blog\/#organization"},"image":{"@id":"https:\/\/vexpenses.com.br\/blog\/gestao-despesas-viagem-corporativa\/#primaryimage"},"thumbnailUrl":"https:\/\/vexpenses.com.br\/blog\/wp-content\/uploads\/2026\/09\/vexpenses_capa_blog_fevereiro_2026-3-_4_-1.webp","articleSection":["Viagens Corporativas"],"inLanguage":"pt-BR","potentialAction":[{"@type":"CommentAction","name":"Comment","target":["https:\/\/vexpenses.com.br\/blog\/gestao-despesas-viagem-corporativa\/#respond"]}]},{"@type":"WebPage","@id":"https:\/\/vexpenses.com.br\/blog\/gestao-despesas-viagem-corporativa\/","url":"https:\/\/vexpenses.com.br\/blog\/gestao-despesas-viagem-corporativa\/","name":"Gest\u00e3o de despesas em viagem corporativa: guia completo","isPartOf":{"@id":"https:\/\/vexpenses.com.br\/blog\/#website"},"primaryImageOfPage":{"@id":"https:\/\/vexpenses.com.br\/blog\/gestao-despesas-viagem-corporativa\/#primaryimage"},"image":{"@id":"https:\/\/vexpenses.com.br\/blog\/gestao-despesas-viagem-corporativa\/#primaryimage"},"thumbnailUrl":"https:\/\/vexpenses.com.br\/blog\/wp-content\/uploads\/2026\/09\/vexpenses_capa_blog_fevereiro_2026-3-_4_-1.webp","datePublished":"2026-09-04T19:33:07+00:00","dateModified":"2026-09-04T19:38:41+00:00","description":"Entenda como centralizar a jornada da viagem corporativa, da solicita\u00e7\u00e3o \u00e0 presta\u00e7\u00e3o de contas, e ganhar controle sobre cada despesa.","breadcrumb":{"@id":"https:\/\/vexpenses.com.br\/blog\/gestao-despesas-viagem-corporativa\/#breadcrumb"},"inLanguage":"pt-BR","potentialAction":[{"@type":"ReadAction","target":["https:\/\/vexpenses.com.br\/blog\/gestao-despesas-viagem-corporativa\/"]}]},{"@type":"ImageObject","inLanguage":"pt-BR","@id":"https:\/\/vexpenses.com.br\/blog\/gestao-despesas-viagem-corporativa\/#primaryimage","url":"https:\/\/vexpenses.com.br\/blog\/wp-content\/uploads\/2026\/09\/vexpenses_capa_blog_fevereiro_2026-3-_4_-1.webp","contentUrl":"https:\/\/vexpenses.com.br\/blog\/wp-content\/uploads\/2026\/09\/vexpenses_capa_blog_fevereiro_2026-3-_4_-1.webp","width":1551,"height":618,"caption":"gest\u00e3o de despesas de viagens"},{"@type":"BreadcrumbList","@id":"https:\/\/vexpenses.com.br\/blog\/gestao-despesas-viagem-corporativa\/#breadcrumb","itemListElement":[{"@type":"ListItem","position":1,"name":"In\u00edcio","item":"https:\/\/vexpenses.com.br\/blog\/"},{"@type":"ListItem","position":2,"name":"Gest\u00e3o de despesas em viagem corporativa: do pedido \u00e0 presta\u00e7\u00e3o de contas"}]},{"@type":"WebSite","@id":"https:\/\/vexpenses.com.br\/blog\/#website","url":"https:\/\/vexpenses.com.br\/blog\/","name":"Blog","description":"Blog VExpenses","publisher":{"@id":"https:\/\/vexpenses.com.br\/blog\/#organization"},"potentialAction":[{"@type":"SearchAction","target":{"@type":"EntryPoint","urlTemplate":"https:\/\/vexpenses.com.br\/blog\/?s={search_term_string}"},"query-input":{"@type":"PropertyValueSpecification","valueRequired":true,"valueName":"search_term_string"}}],"inLanguage":"pt-BR"},{"@type":"Organization","@id":"https:\/\/vexpenses.com.br\/blog\/#organization","name":"Blog","url":"https:\/\/vexpenses.com.br\/blog\/","logo":{"@type":"ImageObject","inLanguage":"pt-BR","@id":"https:\/\/vexpenses.com.br\/blog\/#\/schema\/logo\/image\/","url":"https:\/\/vexpenses.com.br\/blog\/wp-content\/uploads\/2025\/08\/logo-vr-alt.png","contentUrl":"https:\/\/vexpenses.com.br\/blog\/wp-content\/uploads\/2025\/08\/logo-vr-alt.png","width":709,"height":230,"caption":"Blog"},"image":{"@id":"https:\/\/vexpenses.com.br\/blog\/#\/schema\/logo\/image\/"}},{"@type":"Person","@id":"https:\/\/vexpenses.com.br\/blog\/#\/schema\/person\/a7baf099b833ab9328dfaf077072343a","name":"Tarina Lemmi","image":{"@type":"ImageObject","inLanguage":"pt-BR","@id":"https:\/\/vexpenses.com.br\/blog\/wp-content\/uploads\/2024\/12\/avatar_user_28_1733491821-96x96.jpg","url":"https:\/\/vexpenses.com.br\/blog\/wp-content\/uploads\/2024\/12\/avatar_user_28_1733491821-96x96.jpg","contentUrl":"https:\/\/vexpenses.com.br\/blog\/wp-content\/uploads\/2024\/12\/avatar_user_28_1733491821-96x96.jpg","caption":"Tarina Lemmi"},"description":"Sou formada em Matem\u00e1tica Aplicada a Neg\u00f3cios pela USP e trabalho h\u00e1 alguns anos criando an\u00e1lises e conte\u00fados especializados em finan\u00e7as corporativas, gest\u00e3o de despesas e efici\u00eancia financeira. Escrevo para o blog da VExpenses com o intuito de traduzir temas complexos em orienta\u00e7\u00f5es pr\u00e1ticas para o setor.","url":"https:\/\/vexpenses.com.br\/blog\/author\/tarinalemmi\/"}]}},"acf":[],"_links":{"self":[{"href":"https:\/\/vexpenses.com.br\/blog\/wp-json\/wp\/v2\/posts\/45414","targetHints":{"allow":["GET"]}}],"collection":[{"href":"https:\/\/vexpenses.com.br\/blog\/wp-json\/wp\/v2\/posts"}],"about":[{"href":"https:\/\/vexpenses.com.br\/blog\/wp-json\/wp\/v2\/types\/post"}],"author":[{"embeddable":true,"href":"https:\/\/vexpenses.com.br\/blog\/wp-json\/wp\/v2\/users\/28"}],"replies":[{"embeddable":true,"href":"https:\/\/vexpenses.com.br\/blog\/wp-json\/wp\/v2\/comments?post=45414"}],"version-history":[{"count":3,"href":"https:\/\/vexpenses.com.br\/blog\/wp-json\/wp\/v2\/posts\/45414\/revisions"}],"predecessor-version":[{"id":45419,"href":"https:\/\/vexpenses.com.br\/blog\/wp-json\/wp\/v2\/posts\/45414\/revisions\/45419"}],"wp:featuredmedia":[{"embeddable":true,"href":"https:\/\/vexpenses.com.br\/blog\/wp-json\/wp\/v2\/media\/45415"}],"wp:attachment":[{"href":"https:\/\/vexpenses.com.br\/blog\/wp-json\/wp\/v2\/media?parent=45414"}],"wp:term":[{"taxonomy":"category","embeddable":true,"href":"https:\/\/vexpenses.com.br\/blog\/wp-json\/wp\/v2\/categories?post=45414"},{"taxonomy":"post_tag","embeddable":true,"href":"https:\/\/vexpenses.com.br\/blog\/wp-json\/wp\/v2\/tags?post=45414"},{"taxonomy":"funil","embeddable":true,"href":"https:\/\/vexpenses.com.br\/blog\/wp-json\/wp\/v2\/funil?post=45414"},{"taxonomy":"jornada","embeddable":true,"href":"https:\/\/vexpenses.com.br\/blog\/wp-json\/wp\/v2\/jornada?post=45414"},{"taxonomy":"persona","embeddable":true,"href":"https:\/\/vexpenses.com.br\/blog\/wp-json\/wp\/v2\/persona?post=45414"},{"taxonomy":"objetivo","embeddable":true,"href":"https:\/\/vexpenses.com.br\/blog\/wp-json\/wp\/v2\/objetivo?post=45414"},{"taxonomy":"assunto","embeddable":true,"href":"https:\/\/vexpenses.com.br\/blog\/wp-json\/wp\/v2\/assunto?post=45414"}],"curies":[{"name":"wp","href":"https:\/\/api.w.org\/{rel}","templated":true}]}}